{"id":1472,"date":"2011-06-23T19:18:18","date_gmt":"2011-06-23T19:18:18","guid":{"rendered":"http:\/\/blogs.diariovasco.com\/eljukebox\/?p=1472"},"modified":"2011-06-23T19:18:18","modified_gmt":"2011-06-23T19:18:18","slug":"icual_es_mi_camara_aamp_icual_es_mi_cama","status":"publish","type":"post","link":"https:\/\/blogs.diariovasco.com\/eljukebox\/2011\/06\/23\/icual_es_mi_camara_aamp_icual_es_mi_cama\/","title":{"rendered":"\u00bfCu\u00e1l es mi c\u00e1mara (territorial)?"},"content":{"rendered":"<p><P>En una sesi\u00f3n de investidura que ha despejado cualquier duda que pudiera existir sobre la compatibilidad entre masticar chicle, presidir la sesi\u00f3n y saltarse el turno de intervenci\u00f3n de la portavoz&nbsp;del &nbsp;propio grupo juntero, el candidato de Bildu, Martin Garitano, ha sido elegido nuevo diputado general&nbsp;de Gipuzkoa.<\/P><br \/>\n<P>No se puede decir que la dilatada sesi\u00f3n haya resultado did\u00e1ctica desde el punto de vista pol\u00edtico. Por un lado, los portavoces de la coalici\u00f3n vencedora en los comicios han invertido buena parte de su tiempo en explicar detalladamente que todas las nadas no son iguales, sino algunas son m\u00e1s grandes que otras. Garitano ha venido a reconocer que no tiene ni idea de qu\u00e9 va a hacer, pero ha insinuado que har\u00e1 cuanto est\u00e9 en su mano por enterarse lo m\u00e1s pronto posible. <\/P><br \/>\n<P>Se le ha reprochado a su grupo la omisi\u00f3n&nbsp;de la palabra&nbsp;ETA. No es cierto. Desde Bildu, se ha apelado a un di\u00e1logo con el Gobierno. Se ha o\u00eddo hablar de gente que asegura haber contactado con los muertos, pero de consumarse estas conversaciones estar\u00edamos ante un nuevo paso en el campo del espiritismo:&nbsp;la charla entre fallecidos. <\/P><br \/>\n<P>En cuanto al resto de los partidos, tambi\u00e9n han brillado con luz propia al explicar de forma prolija que el&nbsp;territorio afronta la necesidad de&nbsp;acometer proyectos estrat\u00e9gicos, urgentes desde su nacimiento, en tiempos ya remotos,&nbsp;pero ejemplos palmarios de parsimonia en su ejecuci\u00f3n. En cualquier caso, todos ellos han dejado claro que, al menos&nbsp;en pol\u00edtica, &#8220;estrat\u00e9gico&#8221; no significa nada cuando se enfrenta a &#8220;t\u00e1ctico&#8221;. <\/P><br \/>\n<P>En cuanto a las coincidencias program\u00e1ticas, tambi\u00e9n las ha habido. De hecho, todos sospechaban que sus rivales&nbsp;obedec\u00edan \u00f3rdenes, bien de Madrid, bien del palco,&nbsp;hasta el punto de que cualquier extra\u00f1o que haya presenciado la sesi\u00f3n habr\u00e1 acabado pensando que Joseba Egibar es una criatura fascinante.<\/P><br \/>\n<P>Ahora, Bidu exhibe una hegemon\u00eda pol\u00edtica en el territorio como no se ve\u00eda desde hace al menos cinco lustros &#8211; tiempos del PNV pre-escisi\u00f3n-. Tras acreditar su incapacidad para llegar a acuerdos entre diferentes, ahora Bildu afronta otros retos igual&nbsp;de apasionantes porque la democracia se basa en la alternancia en el poder, pero entendida no como el peri\u00f3dico cambio de siglas al frente de las instituciones, sino como las profundas mutaciones pr\u00e1cticas a las que te somete su ejercicio.<\/P><\/p>\n<!-- AddThis Advanced Settings generic via filter on the_content --><!-- AddThis Share Buttons generic via filter on the_content -->","protected":false},"excerpt":{"rendered":"<p>En una sesi\u00f3n de investidura que ha despejado cualquier duda que pudiera existir sobre la compatibilidad entre masticar chicle, presidir la sesi\u00f3n y saltarse el turno de intervenci\u00f3n de la portavoz&nbsp;del &nbsp;propio grupo juntero, el candidato de Bildu, Martin Garitano, ha sido elegido nuevo diputado general&nbsp;de Gipuzkoa. No se puede decir que la dilatada sesi\u00f3n [&hellip;]<!-- AddThis Advanced Settings generic via filter on get_the_excerpt --><!-- AddThis Share Buttons generic via filter on get_the_excerpt --><\/p>\n","protected":false},"author":37,"featured_media":0,"comment_status":"open","ping_status":"closed","sticky":false,"template":"","format":"standard","meta":[],"categories":[2],"tags":[5],"_links":{"self":[{"href":"https:\/\/blogs.diariovasco.com\/eljukebox\/wp-json\/wp\/v2\/posts\/1472"}],"collection":[{"href":"https:\/\/blogs.diariovasco.com\/eljukebox\/wp-json\/wp\/v2\/posts"}],"about":[{"href":"https:\/\/blogs.diariovasco.com\/eljukebox\/wp-json\/wp\/v2\/types\/post"}],"author":[{"embeddable":true,"href":"https:\/\/blogs.diariovasco.com\/eljukebox\/wp-json\/wp\/v2\/users\/37"}],"replies":[{"embeddable":true,"href":"https:\/\/blogs.diariovasco.com\/eljukebox\/wp-json\/wp\/v2\/comments?post=1472"}],"version-history":[{"count":0,"href":"https:\/\/blogs.diariovasco.com\/eljukebox\/wp-json\/wp\/v2\/posts\/1472\/revisions"}],"wp:attachment":[{"href":"https:\/\/blogs.diariovasco.com\/eljukebox\/wp-json\/wp\/v2\/media?parent=1472"}],"wp:term":[{"taxonomy":"category","embeddable":true,"href":"https:\/\/blogs.diariovasco.com\/eljukebox\/wp-json\/wp\/v2\/categories?post=1472"},{"taxonomy":"post_tag","embeddable":true,"href":"https:\/\/blogs.diariovasco.com\/eljukebox\/wp-json\/wp\/v2\/tags?post=1472"}],"curies":[{"name":"wp","href":"https:\/\/api.w.org\/{rel}","templated":true}]}}