{"id":1475,"date":"2011-06-28T09:57:07","date_gmt":"2011-06-28T09:57:07","guid":{"rendered":"http:\/\/blogs.diariovasco.com\/eljukebox\/?p=1475"},"modified":"2011-06-28T09:57:07","modified_gmt":"2011-06-28T09:57:07","slug":"gipuzkoa_estrena_falso_diputado_general","status":"publish","type":"post","link":"https:\/\/blogs.diariovasco.com\/eljukebox\/2011\/06\/28\/gipuzkoa_estrena_falso_diputado_general\/","title":{"rendered":"Gipuzkoa estrena falso diputado general"},"content":{"rendered":"<p>Martin Garitano ya ha exhibido una admirable pericia a la hora de tomar decisiones, pues ni siquiera ha necesitado tener un programa de gobierno para decidir cu\u00e1ntos ser\u00e1n los encargados de aplicarlo. De once departamentos pasamos a ocho, en l\u00ednea con la doctrina Cospedal, otra prueba palmaria de la normalizaci\u00f3n pol\u00edtica vasca y de que cuando uno est\u00e1 al frente de las instituciones, la ideolog\u00eda siempre sucumbe a las necesidades.<\/p>\n<p>El diputado general se ha reservado, entre otros departamentos m\u00e1s o menos pintorescos, el de Participaci\u00f3n Ciudadana, -para los profanos, el arte de convertir las diferencias pol\u00edticas en enemistades personales-. Una vez m\u00e1s, hay que remitirse a las reuniones de comunidades de vecinos, en donde hasta los mayores consensos se expresan a gritos y se celebran con el lanzamiento de antiguos reproches.<\/p>\n<p>Por lo dem\u00e1s, en apenas cuatro d\u00edas, el nuevo hombre fuerte de Gipuzkoa ya ha<br \/>\nconseguido lo que ninguno de sus antecesores en largos a\u00f1os, ni rivales<br \/>\ndurante la campa\u00f1a: que alguien le suplante en las redes sociales. A Gartinano le sucede en Twitter lo mismo que al Gremlin en el agua: su inmersi\u00f3n provoca que se multiplique. Por lo dem\u00e1s, parece que puede cenar despu\u00e9s de medianoche.<\/p>\n<p>Al<br \/>\nparecer, el impostor fue descubierto cuando empez\u00f3 a desgranar en 140<br \/>\napretados caracteres su programa de gobierno para los pr\u00f3ximos cuatro<br \/>\na\u00f1os. Por volver al principio, el nuevo gobierno foral contar\u00e1 con ocho departamentos, nueve si incluimos al falsario. Curiosamente, estar haci\u00e9ndose pasar por quien no es realmente constituye la principal acusaci\u00f3n que Bildu ha tenido que afrontar incluso desde antes de su legalizaci\u00f3n.<\/p>\n<p>En cuanto al resto de \u00f3rdenes de la vida, quedamos a la espera, Los agoreros ya anuncian que esta legislatura que comienza con la invitaci\u00f3n a Bildu para que exija a ETA que cese su actividad, terminar\u00e1 con la exigencia a ETA de que pida a Bildu que inicie la suya. Desde el optimismo democr\u00e1tico, es dif\u00edcil cifrar cu\u00e1l de las requisitorias tendr\u00e1 m\u00e1s \u00e9xito.<\/p>\n<!-- AddThis Advanced Settings generic via filter on the_content --><!-- AddThis Share Buttons generic via filter on the_content -->","protected":false},"excerpt":{"rendered":"<p>Martin Garitano ya ha exhibido una admirable pericia a la hora de tomar decisiones, pues ni siquiera ha necesitado tener un programa de gobierno para decidir cu\u00e1ntos ser\u00e1n los encargados de aplicarlo. De once departamentos pasamos a ocho, en l\u00ednea con la doctrina Cospedal, otra prueba palmaria de la normalizaci\u00f3n pol\u00edtica vasca y de que [&hellip;]<!-- AddThis Advanced Settings generic via filter on get_the_excerpt --><!-- AddThis Share Buttons generic via filter on get_the_excerpt --><\/p>\n","protected":false},"author":37,"featured_media":0,"comment_status":"open","ping_status":"closed","sticky":false,"template":"","format":"standard","meta":[],"categories":[2],"tags":[5],"_links":{"self":[{"href":"https:\/\/blogs.diariovasco.com\/eljukebox\/wp-json\/wp\/v2\/posts\/1475"}],"collection":[{"href":"https:\/\/blogs.diariovasco.com\/eljukebox\/wp-json\/wp\/v2\/posts"}],"about":[{"href":"https:\/\/blogs.diariovasco.com\/eljukebox\/wp-json\/wp\/v2\/types\/post"}],"author":[{"embeddable":true,"href":"https:\/\/blogs.diariovasco.com\/eljukebox\/wp-json\/wp\/v2\/users\/37"}],"replies":[{"embeddable":true,"href":"https:\/\/blogs.diariovasco.com\/eljukebox\/wp-json\/wp\/v2\/comments?post=1475"}],"version-history":[{"count":0,"href":"https:\/\/blogs.diariovasco.com\/eljukebox\/wp-json\/wp\/v2\/posts\/1475\/revisions"}],"wp:attachment":[{"href":"https:\/\/blogs.diariovasco.com\/eljukebox\/wp-json\/wp\/v2\/media?parent=1475"}],"wp:term":[{"taxonomy":"category","embeddable":true,"href":"https:\/\/blogs.diariovasco.com\/eljukebox\/wp-json\/wp\/v2\/categories?post=1475"},{"taxonomy":"post_tag","embeddable":true,"href":"https:\/\/blogs.diariovasco.com\/eljukebox\/wp-json\/wp\/v2\/tags?post=1475"}],"curies":[{"name":"wp","href":"https:\/\/api.w.org\/{rel}","templated":true}]}}