{"id":1476,"date":"2011-06-29T09:43:22","date_gmt":"2011-06-29T09:43:22","guid":{"rendered":"http:\/\/blogs.diariovasco.com\/eljukebox\/?p=1476"},"modified":"2011-06-29T09:43:22","modified_gmt":"2011-06-29T09:43:22","slug":"disculpen_la_capitalidad_no_lo_volveremo","status":"publish","type":"post","link":"https:\/\/blogs.diariovasco.com\/eljukebox\/2011\/06\/29\/disculpen_la_capitalidad_no_lo_volveremo\/","title":{"rendered":"Disculpen la Capitalidad, no lo volveremos a hacer"},"content":{"rendered":"<p>Hay que reconocer que puede que la cultura no nos haga mejores, pero nos homogeiniza una barbaridad. Por abajo, por supuesto. Es sumamente improbable que de &#8216;S\u00e1lvame&#8217; emerja una obra de arte, pero Juan Alberto Belloch y Rosa Aguilar apenas han necesitado un ligero rasponazo para comportarse como Bel\u00e9n Esteban y Andre\u00edta, respectivamente.<\/p>\n<p>La designaci\u00f3n ayer de la Capital Europea de la Cultura&nbsp; fue un acontecimiento a la altura de las circunstancias, dado que las opciones se reduc\u00edan a elegir entre candidatas espa\u00f1olas, A partir de este dato, estaba claro que habr\u00eda que interpretar el garrotazo como una forma de felicitaci\u00f3n. Por otra parte, los insultos al ganador y las descalificaciones al jurado por parte de los perdedores sit\u00faan el evento a la altura de nuestros m\u00e1s importantes -y mejor dotados econ\u00f3micamente- premios literarios. <\/p>\n<p>Od\u00f3n Elorza ya hab\u00eda cometido la osada pirueta de vincular estrechamente paz y capitalidad, pero ninguno de sus entonces hom\u00f3logos en las ciudades rivales recrimin\u00f3 su atrevimiento. Ayer, cuando el jurado pic\u00f3 tan goloso anzuelo se abri\u00f3 la caja de Pandora para dar salida a los rayos y los truenos.<\/p>\n<p>La excusa fue Bildu, pero no es nada personal. Por expresarlo en otros t\u00e9rminos, cualquier otra ciudad que hubiera ganado se hubiese hecho acreedora a los improperios del resto porque esto es Espa\u00f1a, un pa\u00eds viable, pero fallido. <\/p>\n<p>As\u00ed, de haber ganado C\u00f3rdoba se le hubiera acusado de acaparadora porque ya cont\u00f3 con cuatro culturas y a\u00fan quiere m\u00e1s; si se hubiera impuesto Segovia, se hubiera mencionado su gastronom\u00eda insostenible -basada en el exterminio masivo de cochinillos- y de haber vencido Zaragoza, se le hubiera reprochado que su Expo del agua no impidi\u00f3 que Belloch se dejara el grifo del hotel abierto. En el caso de Donostia, quienes lamentan que todo esto haya ocurrido con Bildu en el Ayuntamiento deber\u00edan consolarse pensando que dentro de cuatro a\u00f1os quiz\u00e1s sea Sortu quien ocupe mando en plaza.<\/p>\n<p>Espa\u00f1a est\u00e1 formada por diecisiete comunidades aut\u00f3nomas articuladas como otros tantos agravios comparativos. La primera regla es que el club de la lucha no existe y en este punto, hay que destacar que Espa\u00f1a es uno de los mejores. Quiz\u00e1s alg\u00fan amable lector polaco podr\u00eda ilustrarnos en torno a los insultos y descalificaciones con los que Cracovia, Varsovia o Gdansk saludaron el reciente nombramiento de Wroclaw como capital cultural o, por quedarnos m\u00e1s cerca, con los que Burdeos brind\u00f3 a Marsella cuando fue la ciudad mediterr\u00e1nea la afortunada.<\/p>\n<p>Probablemente, una vez pronunciado su veredicto, al menos la mitad extranjera del jurado habr\u00e1 empatizado en cierta manera con las ansias indepentistas del nuevo alcalde donostiarra. Ser espa\u00f1ol constituye una losa tan pesada que muchos preferir\u00edan dejar de serlo. Otros, por el contrario, no. En cualquier caso, dejen que los unos y los otros olvidemos esta dolorosa circunstancia, al menos, en algunos ratos sueltos.<\/p>\n<!-- AddThis Advanced Settings generic via filter on the_content --><!-- AddThis Share Buttons generic via filter on the_content -->","protected":false},"excerpt":{"rendered":"<p>Hay que reconocer que puede que la cultura no nos haga mejores, pero nos homogeiniza una barbaridad. Por abajo, por supuesto. Es sumamente improbable que de &#8216;S\u00e1lvame&#8217; emerja una obra de arte, pero Juan Alberto Belloch y Rosa Aguilar apenas han necesitado un ligero rasponazo para comportarse como Bel\u00e9n Esteban y Andre\u00edta, respectivamente. La designaci\u00f3n [&hellip;]<!-- AddThis Advanced Settings generic via filter on get_the_excerpt --><!-- AddThis Share Buttons generic via filter on get_the_excerpt --><\/p>\n","protected":false},"author":37,"featured_media":0,"comment_status":"open","ping_status":"closed","sticky":false,"template":"","format":"standard","meta":[],"categories":[2],"tags":[5],"_links":{"self":[{"href":"https:\/\/blogs.diariovasco.com\/eljukebox\/wp-json\/wp\/v2\/posts\/1476"}],"collection":[{"href":"https:\/\/blogs.diariovasco.com\/eljukebox\/wp-json\/wp\/v2\/posts"}],"about":[{"href":"https:\/\/blogs.diariovasco.com\/eljukebox\/wp-json\/wp\/v2\/types\/post"}],"author":[{"embeddable":true,"href":"https:\/\/blogs.diariovasco.com\/eljukebox\/wp-json\/wp\/v2\/users\/37"}],"replies":[{"embeddable":true,"href":"https:\/\/blogs.diariovasco.com\/eljukebox\/wp-json\/wp\/v2\/comments?post=1476"}],"version-history":[{"count":0,"href":"https:\/\/blogs.diariovasco.com\/eljukebox\/wp-json\/wp\/v2\/posts\/1476\/revisions"}],"wp:attachment":[{"href":"https:\/\/blogs.diariovasco.com\/eljukebox\/wp-json\/wp\/v2\/media?parent=1476"}],"wp:term":[{"taxonomy":"category","embeddable":true,"href":"https:\/\/blogs.diariovasco.com\/eljukebox\/wp-json\/wp\/v2\/categories?post=1476"},{"taxonomy":"post_tag","embeddable":true,"href":"https:\/\/blogs.diariovasco.com\/eljukebox\/wp-json\/wp\/v2\/tags?post=1476"}],"curies":[{"name":"wp","href":"https:\/\/api.w.org\/{rel}","templated":true}]}}