{"id":1477,"date":"2011-06-30T08:43:29","date_gmt":"2011-06-30T08:43:29","guid":{"rendered":"http:\/\/blogs.diariovasco.com\/eljukebox\/?p=1477"},"modified":"2011-06-30T08:43:29","modified_gmt":"2011-06-30T08:43:29","slug":"2016_de_verdad_que_ha_sido_sin_querer","status":"publish","type":"post","link":"https:\/\/blogs.diariovasco.com\/eljukebox\/2011\/06\/30\/2016_de_verdad_que_ha_sido_sin_querer\/","title":{"rendered":"2016: De verdad que ha sido sin querer"},"content":{"rendered":"<p><P>Nunca lo hab\u00edan dicho expl\u00edcitamente, pero era obvio que algunos mandatarios conciben la pol\u00edtica como un ejercicio desprovisto de cultura. Ahora, espoleados por la decisi\u00f3n del jurado del 2016,&nbsp;ampl\u00edan su doctrina para proclamar que tambi\u00e9n&nbsp;la cultura debe mantenerse al margen de la pol\u00edtica. Los hay incluso que en cuanto escuchan la palabra &#8220;cultura&#8221; se van a &#8216;La Noria&#8217;.<\/P><br \/>\n<P>A\u00fan siendo una postura impecable desde el punto de vista de la legitimidad&nbsp;democr\u00e1tica, lo cierto es que contradice lo que hasta ahora se ven\u00eda diciendo y&nbsp;lo que con tanto esfuerzo han ido inculcando a lo largo de los a\u00f1os en las duras cabezotas de los vascos.<\/P><br \/>\n<P>Porque Donostia 2016 es una propuesta basada en la convivencia, la tolerancia y el respeto al diferente, cuestiones todas ellas que por lo visto desautorizan la decisi\u00f3n del jurado por ser pol\u00edticas, aunque&nbsp;hasta ayer&nbsp;se nos ven\u00eda repitiendo una y otra vez que&nbsp;eran prepol\u00edticas.<\/P><br \/>\n<P>Y no s\u00f3lo eso. Despu\u00e9s de a\u00f1os de cargar con el sambenito de mirar hacia otro lado,&nbsp;ahora se nos echa en carga el haber mirado hacia el lado correcto. De haberse elaborado un programa que pasara de puntillas sobre los asuntos relacionados con la violencia, las acusaciones girar\u00edan en torno al enga\u00f1o al jurado que supone el ocultamiento de la aut\u00e9ntica realidad vasca, am\u00e9n de haber olvidado una vez m\u00e1s a las v\u00edctimas del terrorismo.<\/P><br \/>\n<P>Lo dicho: disculpen el triunfo, no lo volveremos hacer. Realmente, en ning\u00fan momento pretend\u00edamos ganar, era tan s\u00f3lo una excusa para ensayar el liderazgo compartido y todo eso. Esperemos que todos tomemos nota de este desagradable incidente -que en absoluto deber\u00eda empa\u00f1ar nuestras excelentes relaciones con C\u00f3rdoba y Zaragoza- y hasta&nbsp;los m\u00e1s contumaces renuncien a embarcarse a otras aventuras absurdas de parecida \u00edndole, tipo la oficialidad de la selecci\u00f3n vasca, no vaya a ser que meta un gol, acabe ganando algo y se nos acuse de de traicionar el esp\u00edritu deportivo y de no saber perder.<\/P><\/p>\n<!-- AddThis Advanced Settings generic via filter on the_content --><!-- AddThis Share Buttons generic via filter on the_content -->","protected":false},"excerpt":{"rendered":"<p>Nunca lo hab\u00edan dicho expl\u00edcitamente, pero era obvio que algunos mandatarios conciben la pol\u00edtica como un ejercicio desprovisto de cultura. Ahora, espoleados por la decisi\u00f3n del jurado del 2016,&nbsp;ampl\u00edan su doctrina para proclamar que tambi\u00e9n&nbsp;la cultura debe mantenerse al margen de la pol\u00edtica. Los hay incluso que en cuanto escuchan la palabra &#8220;cultura&#8221; se van [&hellip;]<!-- AddThis Advanced Settings generic via filter on get_the_excerpt --><!-- AddThis Share Buttons generic via filter on get_the_excerpt --><\/p>\n","protected":false},"author":37,"featured_media":0,"comment_status":"open","ping_status":"closed","sticky":false,"template":"","format":"standard","meta":[],"categories":[2],"tags":[5],"_links":{"self":[{"href":"https:\/\/blogs.diariovasco.com\/eljukebox\/wp-json\/wp\/v2\/posts\/1477"}],"collection":[{"href":"https:\/\/blogs.diariovasco.com\/eljukebox\/wp-json\/wp\/v2\/posts"}],"about":[{"href":"https:\/\/blogs.diariovasco.com\/eljukebox\/wp-json\/wp\/v2\/types\/post"}],"author":[{"embeddable":true,"href":"https:\/\/blogs.diariovasco.com\/eljukebox\/wp-json\/wp\/v2\/users\/37"}],"replies":[{"embeddable":true,"href":"https:\/\/blogs.diariovasco.com\/eljukebox\/wp-json\/wp\/v2\/comments?post=1477"}],"version-history":[{"count":0,"href":"https:\/\/blogs.diariovasco.com\/eljukebox\/wp-json\/wp\/v2\/posts\/1477\/revisions"}],"wp:attachment":[{"href":"https:\/\/blogs.diariovasco.com\/eljukebox\/wp-json\/wp\/v2\/media?parent=1477"}],"wp:term":[{"taxonomy":"category","embeddable":true,"href":"https:\/\/blogs.diariovasco.com\/eljukebox\/wp-json\/wp\/v2\/categories?post=1477"},{"taxonomy":"post_tag","embeddable":true,"href":"https:\/\/blogs.diariovasco.com\/eljukebox\/wp-json\/wp\/v2\/tags?post=1477"}],"curies":[{"name":"wp","href":"https:\/\/api.w.org\/{rel}","templated":true}]}}