{"id":1487,"date":"2011-07-14T09:22:17","date_gmt":"2011-07-14T09:22:17","guid":{"rendered":"http:\/\/blogs.diariovasco.com\/eljukebox\/?p=1487"},"modified":"2011-07-14T09:22:17","modified_gmt":"2011-07-14T09:22:17","slug":"creo_que_hablo_por_todos_si_canto_el_pob","status":"publish","type":"post","link":"https:\/\/blogs.diariovasco.com\/eljukebox\/2011\/07\/14\/creo_que_hablo_por_todos_si_canto_el_pob\/","title":{"rendered":"Creo que hablo por todos si canto el &#039;pobre de m\u00ed&#039;"},"content":{"rendered":"<p><P>Los sanfermines son una fiesta condenadas a trascender sus propias fronteras, anta\u00f1o de la mano de Hemingway, ahora, gracias al hundimiento de la econom\u00eda. El &#8216;pobre de m\u00ed&#8217; lleva camino de dejar de ser el c\u00e1ntico que clausura la gran celebraci\u00f3n pamplonica para convertirse en el himno de media Eurozona.<\/P><br \/>\n<P>Como todo himno festivo, rebosa optimismo porque un an\u00e1lisis riguroso de las cifras macroecon\u00f3micas aconsejar\u00eda m\u00e1s bien sustituir el &#8216;pobre&#8217; por el &#8216;paup\u00e9rrimo&#8217;, cosa&nbsp;que de todas formas habr\u00e1 que hacer probablemente en un futuro inmediato.<\/P><br \/>\n<P>Por lo dem\u00e1s, nuestra propia existencia se ha convertido en un encierro interminable, en el que te pasas la vida corriendo, con la hipoteca bien apretada al cuello y los bonos basura en la mano, intercambiando golpes con quienes te rodean para hacerte con hueco y perseguido por los mercados, esos temibles astados salidos las mejores ganader\u00edas especializadas en la cr\u00eda y reproducci\u00f3n de alima\u00f1as, tipo Standard&nbsp;and Poor&#8217;s o Moody&#8217;s. <\/P><br \/>\n<P>En esta \u00f3pera bufa, a Zapatero le ha tocado interpretar al australiano borracho que se dedica a tirar del rabo del animal, mientras que Rajoy lo borda en el papel del turista que ha pagado 600 euros por contemplar la jugada desde un balc\u00f3n en Estafeta y que s\u00f3lo interrumpe sus comentarios cr\u00edticos, para saludar a las c\u00e1maras, aprovechando la escabechina&nbsp;que tiene lugar&nbsp;a sus pies.<\/P><br \/>\n<P>El cuadro se completa con la intervenci\u00f3n diaria en los medios de un pu\u00f1ado de analistas econ\u00f3micos, cuyo conocimiento de la materia no difiere gran cosa de que la que exhiben los encargados de las retransmisiones televisivas del encierro. Y todo, para al final recurrir al argumento de la intervenci\u00f3n providencial del capote de San Berl\u00edn, nos libre del rescate, d\u00e1ndonos la subvenci\u00f3n.<\/P><\/p>\n<!-- AddThis Advanced Settings generic via filter on the_content --><!-- AddThis Share Buttons generic via filter on the_content -->","protected":false},"excerpt":{"rendered":"<p>Los sanfermines son una fiesta condenadas a trascender sus propias fronteras, anta\u00f1o de la mano de Hemingway, ahora, gracias al hundimiento de la econom\u00eda. El &#8216;pobre de m\u00ed&#8217; lleva camino de dejar de ser el c\u00e1ntico que clausura la gran celebraci\u00f3n pamplonica para convertirse en el himno de media Eurozona. Como todo himno festivo, rebosa [&hellip;]<!-- AddThis Advanced Settings generic via filter on get_the_excerpt --><!-- AddThis Share Buttons generic via filter on get_the_excerpt --><\/p>\n","protected":false},"author":37,"featured_media":0,"comment_status":"open","ping_status":"closed","sticky":false,"template":"","format":"standard","meta":[],"categories":[2],"tags":[5],"_links":{"self":[{"href":"https:\/\/blogs.diariovasco.com\/eljukebox\/wp-json\/wp\/v2\/posts\/1487"}],"collection":[{"href":"https:\/\/blogs.diariovasco.com\/eljukebox\/wp-json\/wp\/v2\/posts"}],"about":[{"href":"https:\/\/blogs.diariovasco.com\/eljukebox\/wp-json\/wp\/v2\/types\/post"}],"author":[{"embeddable":true,"href":"https:\/\/blogs.diariovasco.com\/eljukebox\/wp-json\/wp\/v2\/users\/37"}],"replies":[{"embeddable":true,"href":"https:\/\/blogs.diariovasco.com\/eljukebox\/wp-json\/wp\/v2\/comments?post=1487"}],"version-history":[{"count":0,"href":"https:\/\/blogs.diariovasco.com\/eljukebox\/wp-json\/wp\/v2\/posts\/1487\/revisions"}],"wp:attachment":[{"href":"https:\/\/blogs.diariovasco.com\/eljukebox\/wp-json\/wp\/v2\/media?parent=1487"}],"wp:term":[{"taxonomy":"category","embeddable":true,"href":"https:\/\/blogs.diariovasco.com\/eljukebox\/wp-json\/wp\/v2\/categories?post=1487"},{"taxonomy":"post_tag","embeddable":true,"href":"https:\/\/blogs.diariovasco.com\/eljukebox\/wp-json\/wp\/v2\/tags?post=1487"}],"curies":[{"name":"wp","href":"https:\/\/api.w.org\/{rel}","templated":true}]}}