{"id":1516,"date":"2011-08-19T09:20:40","date_gmt":"2011-08-19T09:20:40","guid":{"rendered":"http:\/\/blogs.diariovasco.com\/eljukebox\/?p=1516"},"modified":"2011-08-19T09:20:40","modified_gmt":"2011-08-19T09:20:40","slug":"los_vascos_esa_decepcion_permanente","status":"publish","type":"post","link":"https:\/\/blogs.diariovasco.com\/eljukebox\/2011\/08\/19\/los_vascos_esa_decepcion_permanente\/","title":{"rendered":"Los vascos, esa decepci\u00f3n permanente"},"content":{"rendered":"<p>Es obvio que en opini\u00f3n del Partido Popular, los socialistas se encuentran involucrados de alguna forma inconcreta en el peor atentado terrorista registrado en Europa, han negociado a escondidas con ETA, se han chivado a los terroristas de detenciones en v\u00edsperas de que se efectuaran y, en definitiva, han traicionado a los muertos en repetidas ocasiones.<\/p>\n<p>Nada de esto ha impedido a los conservadores apoyar la desginaci\u00f3n del candidato del PSE a la Lehendakaritza, ni brindarle su apoyo para gobernar, a\u00fan siendo evidente que el presidente de los socialistas vascos mantuvo frecuentes reuniones con el &#8216;terrorista&#8217; Arnaldo Otegi, incluso ya en tiempos en los que su partido a\u00fan ocupaba la oposici\u00f3n y no hab\u00eda tregua alguna por medio. <\/p>\n<p>No obstante, el PP nunca nos hab\u00eda pedido perd\u00f3n por someternos a los rigores de semejantes vesan\u00edas. L\u00f3gicamente, tampoco lo hace con motivo de las recurrentes declaraciones de su eurodiputado de cabecera sobre las bondados de sobrevivir bajo un r\u00e9gimen nacional-cat\u00f3lico que encabez\u00f3 el general Franco, ese hombre. Al contrario, los dislates de Mayor Oreja se reciben con sonrisas de complicidad, cuando no con indisimulado alborozo.<\/p>\n<p>Ahora, Esteban Gonz\u00e1lez Pons pide perd\u00f3n -qui\u00e9n sabe si bajo el influjo que ejerce la proximidad del Papa- por una foto en la que aparecen concejales donostiarras de su propio partido -unos inconscientes advenedizos que apenas llevan tres lustros escoltados- brindando con el alcalde de Bildu, Juan Karlos Izagirre, a la salud de la Semana Grande.<\/p>\n<p>En lo que al Pa\u00eds Vasco se refiere, G\u00e9nova desprecia las actitudes c\u00edvicas porque adora a los h\u00e9roes ag\u00f3nicos. Madrid est\u00e1 plagado de valientes por persona interpuesta que aspiraban a ser Jos\u00e9 Tom\u00e1s, pero nunca pasaron del &#8216;toro de fuego&#8217;. <\/p>\n<p>La \u00fanica fotograf\u00eda que el PP esperaba de Ram\u00f3n G\u00f3mez Ugalde era aqu\u00e9lla en la que se le viera meti\u00e9ndole el dedo en el ojo a Izagirre y, en cambio, ahora se encuentran con una imagen decepcionante que, en coherencia con la doctrina &#8216;popular&#8217;, deber\u00eda hacer acreedor al PP vasco a dos legislaturas de ilegalizaci\u00f3n y una posterior cuarentena democr\u00e1tica.<\/p>\n<p>En las pasadas elecciones del 22-M. la lista que encabezaba Ram\u00f3n G\u00f3mez consigui\u00f3 la proeza de obtener seis concejales, a pesar de contar con el apoyo p\u00fablico y expl\u00edcito de Mariano Rajoy, Esteban Gonz\u00e1lez Pons y Mar\u00eda Dolores de Cospedal. Que sepan los tres que, de haber tenido que cargar con tama\u00f1o lastre, Izagirre jam\u00e1s hubiera resultado el candidato m\u00e1s votado.<\/p>\n<!-- AddThis Advanced Settings generic via filter on the_content --><!-- AddThis Share Buttons generic via filter on the_content -->","protected":false},"excerpt":{"rendered":"<p>Es obvio que en opini\u00f3n del Partido Popular, los socialistas se encuentran involucrados de alguna forma inconcreta en el peor atentado terrorista registrado en Europa, han negociado a escondidas con ETA, se han chivado a los terroristas de detenciones en v\u00edsperas de que se efectuaran y, en definitiva, han traicionado a los muertos en repetidas [&hellip;]<!-- AddThis Advanced Settings generic via filter on get_the_excerpt --><!-- AddThis Share Buttons generic via filter on get_the_excerpt --><\/p>\n","protected":false},"author":37,"featured_media":0,"comment_status":"open","ping_status":"closed","sticky":false,"template":"","format":"standard","meta":[],"categories":[2],"tags":[5],"_links":{"self":[{"href":"https:\/\/blogs.diariovasco.com\/eljukebox\/wp-json\/wp\/v2\/posts\/1516"}],"collection":[{"href":"https:\/\/blogs.diariovasco.com\/eljukebox\/wp-json\/wp\/v2\/posts"}],"about":[{"href":"https:\/\/blogs.diariovasco.com\/eljukebox\/wp-json\/wp\/v2\/types\/post"}],"author":[{"embeddable":true,"href":"https:\/\/blogs.diariovasco.com\/eljukebox\/wp-json\/wp\/v2\/users\/37"}],"replies":[{"embeddable":true,"href":"https:\/\/blogs.diariovasco.com\/eljukebox\/wp-json\/wp\/v2\/comments?post=1516"}],"version-history":[{"count":0,"href":"https:\/\/blogs.diariovasco.com\/eljukebox\/wp-json\/wp\/v2\/posts\/1516\/revisions"}],"wp:attachment":[{"href":"https:\/\/blogs.diariovasco.com\/eljukebox\/wp-json\/wp\/v2\/media?parent=1516"}],"wp:term":[{"taxonomy":"category","embeddable":true,"href":"https:\/\/blogs.diariovasco.com\/eljukebox\/wp-json\/wp\/v2\/categories?post=1516"},{"taxonomy":"post_tag","embeddable":true,"href":"https:\/\/blogs.diariovasco.com\/eljukebox\/wp-json\/wp\/v2\/tags?post=1516"}],"curies":[{"name":"wp","href":"https:\/\/api.w.org\/{rel}","templated":true}]}}