{"id":1517,"date":"2011-08-21T19:50:39","date_gmt":"2011-08-21T19:50:39","guid":{"rendered":"http:\/\/blogs.diariovasco.com\/eljukebox\/?p=1517"},"modified":"2011-08-21T19:50:39","modified_gmt":"2011-08-21T19:50:39","slug":"la_tarde_dominical_esa_gran_desconocida","status":"publish","type":"post","link":"https:\/\/blogs.diariovasco.com\/eljukebox\/2011\/08\/21\/la_tarde_dominical_esa_gran_desconocida\/","title":{"rendered":"La tarde dominical, esa gran desconocida"},"content":{"rendered":"<p><P>&#8220;Sobre la muerte de&nbsp;los domingos por la tarde nunca se hablar\u00e1 lo bastante. Ese ensayo general del fin del mundo todas las sacrosantas semanas. Los domingos por la tarde el tiempo se dilata, se convierte en un guerrero invencible. El tiempo del domingo por la tarde no late a la misma velocidad que su tiempo. Por tanto, todo se convierte en triste letargo. Todo es despe\u00f1adero de la nada. Una borra invisible se instala en los apartamentos. Los o\u00eddos se desconectan del mundo. Los toxic\u00f3manos montan un n\u00famero. Son muchos los que barajan cuidadosamente la hip\u00f3tesis del suicidio. Los pueblecitos amenos parecen peque\u00f1os Nagasaki en el momento de su m\u00e1xima popularidad. Los paseos y los ba\u00f1os en la playa no compensan, porque sobrevuelan por encima de una pared falsa de depresi\u00f3n: el momento en el que tendr\u00e1s que meterte en el coche y regresar. En la autopista, adem\u00e1s, el \u00fanico que se asimila a ti y te entiende es el empleado del peaje. Te sirve de espejo. Pero eso no ayuda, s\u00f3lo impide la perspectiva. En casa, a la hora del regreso vespertino, si las camas est\u00e1n deshechas hay motivos para estar preocupados. Los sue\u00f1os se encogen. La ausencia de esperanza resquebraja la convicci\u00f3n del cat\u00f3lico practicante. Te fastidia tener que hacerlas porque es in\u00fatil, dentro de poco hay que acostarse. Pero si no la haces, la cama, digo, el pensamiento de esa aproximaci\u00f3n te encierra en una jaula de malestar. Ves media parte de ese partido aburrido con la actitud de quien por detr\u00e1s del televisor tuviera que ver aparecer de un momento a otro al cura que te confiesa antes del tr\u00e1nsito. Y podr\u00edas jurar que cuando el cura aparece, la primera cosa que te se\u00f1ala es esa cama deshecha. Un pe\u00f1asco sin catapulta y la noche que se torna movida. Se pringa en la cama hasta que queda hecha un pingajo. Porque ya era un pingajo desde la noche anterior. Y, en la oscuridad de la cama, el lunes se presenta como un complot del mundo urdido exclusivamente en tu contra. En cambio, ya en el lunes de verdad, se sueltan riadas de alegr\u00eda; pero no todo se ha desvanecido; aqu\u00ed y all\u00e1, durante la jornada, aflora la sombra de un mal pensamiento. Y es \u00e9ste: dentro de seis d\u00edas vuelve a ser domingo.<\/P><br \/>\n<P>En fin&#8221;<\/P><br \/>\n<P>(Fragmento de &#8216;Todos tienen raz\u00f3n&#8217;, de Paolo Sorrentino)<\/P><\/p>\n<!-- AddThis Advanced Settings generic via filter on the_content --><!-- AddThis Share Buttons generic via filter on the_content -->","protected":false},"excerpt":{"rendered":"<p>&#8220;Sobre la muerte de&nbsp;los domingos por la tarde nunca se hablar\u00e1 lo bastante. Ese ensayo general del fin del mundo todas las sacrosantas semanas. Los domingos por la tarde el tiempo se dilata, se convierte en un guerrero invencible. El tiempo del domingo por la tarde no late a la misma velocidad que su tiempo. [&hellip;]<!-- AddThis Advanced Settings generic via filter on get_the_excerpt --><!-- AddThis Share Buttons generic via filter on get_the_excerpt --><\/p>\n","protected":false},"author":37,"featured_media":0,"comment_status":"open","ping_status":"closed","sticky":false,"template":"","format":"standard","meta":[],"categories":[2],"tags":[5],"_links":{"self":[{"href":"https:\/\/blogs.diariovasco.com\/eljukebox\/wp-json\/wp\/v2\/posts\/1517"}],"collection":[{"href":"https:\/\/blogs.diariovasco.com\/eljukebox\/wp-json\/wp\/v2\/posts"}],"about":[{"href":"https:\/\/blogs.diariovasco.com\/eljukebox\/wp-json\/wp\/v2\/types\/post"}],"author":[{"embeddable":true,"href":"https:\/\/blogs.diariovasco.com\/eljukebox\/wp-json\/wp\/v2\/users\/37"}],"replies":[{"embeddable":true,"href":"https:\/\/blogs.diariovasco.com\/eljukebox\/wp-json\/wp\/v2\/comments?post=1517"}],"version-history":[{"count":0,"href":"https:\/\/blogs.diariovasco.com\/eljukebox\/wp-json\/wp\/v2\/posts\/1517\/revisions"}],"wp:attachment":[{"href":"https:\/\/blogs.diariovasco.com\/eljukebox\/wp-json\/wp\/v2\/media?parent=1517"}],"wp:term":[{"taxonomy":"category","embeddable":true,"href":"https:\/\/blogs.diariovasco.com\/eljukebox\/wp-json\/wp\/v2\/categories?post=1517"},{"taxonomy":"post_tag","embeddable":true,"href":"https:\/\/blogs.diariovasco.com\/eljukebox\/wp-json\/wp\/v2\/tags?post=1517"}],"curies":[{"name":"wp","href":"https:\/\/api.w.org\/{rel}","templated":true}]}}