{"id":1572,"date":"2011-10-22T10:40:51","date_gmt":"2011-10-22T10:40:51","guid":{"rendered":"http:\/\/blogs.diariovasco.com\/eljukebox\/?p=1572"},"modified":"2011-10-22T10:40:51","modified_gmt":"2011-10-22T10:40:51","slug":"cuando_no_salen_las_cuentas_afloran_los","status":"publish","type":"post","link":"https:\/\/blogs.diariovasco.com\/eljukebox\/2011\/10\/22\/cuando_no_salen_las_cuentas_afloran_los\/","title":{"rendered":"Cuando no salen las cuentas, afloran los cuentos"},"content":{"rendered":"<p><P>Lejos de ser una ciencia exacta, las matem\u00e1ticas&nbsp;han quedado reducidos a lo mismo que&nbsp;todo&nbsp;lo dem\u00e1s hoy en d\u00eda: apenas&nbsp;un estado de \u00e1nimo.&nbsp;Basta repasar una y otra vez&nbsp;los listados de v\u00edctimas del terrorismo para toparse con un gran lienzo en homenaje a la desmemoria, \u00f3leo sobre manipulaci\u00f3n.<\/P><br \/>\n<P>El comunicado de ETA ha desatado una oleada de involuntarios striptease \u00e9tico-profesionales en la que algunos han empezado a desnudarse por arriba y otros, por abajo. Entre estos \u00faltimos, todos aquellos medios que tras siete a\u00f1os de tozudo empe\u00f1o en convencernos de que ETA estaba detr\u00e1s de los atentados del 11-M, realizanahora &nbsp;un fr\u00edvolo recuento de v\u00edctimas y el resultado, plagado de errores&nbsp;e inexactitudes,&nbsp;ronda los ochocientos, ignorando a los 191 que perdieron la vida en los trenes del mayor atentado terrorista de Europa.<\/P><br \/>\n<P>En efecto, se trata de los mismos ejemplares de moralidad miserable&nbsp;que imparten lecciones sobre la construcci\u00f3n del &#8216;relato&#8217;, en cuyo centro debe situarse a las v\u00edctimas. Dos d\u00edas despu\u00e9s de la publicaci\u00f3n de las flexibles listas, estos sectores irreductibles de la sociedad espa\u00f1ola a\u00fan no han dicho palabra, lo cual invita a intuir una cierta frivolidad detr\u00e1s de sus rocosos planteamientos.<\/P><br \/>\n<P>El goteo de evidencias en grado de sandez depositado sobre nuestras cabezas ha sido inclemente: un d\u00eda era la sospechosa presencia de una cinta de la Orquesta Mondrag\u00f3n en la furgoneta Kangoo,&nbsp;otro d\u00eda era un &#8216;Josu Ternera&#8217; detectado en los aeorpuertos de Europa clamando venganza y&nbsp;al siguiente, la ruptura de la cadena de vigilancia de la mochila vasca, por no mencionar la inopinada afici\u00f3n de &#8216;El tunecino&#8217; a las regatas.<\/P><br \/>\n<P>En esas manos ha estado -\u00bfa\u00fan est\u00e1?- la defensa a ultranza de la memoria de las v\u00edctimas que, en efecto y a la vista queda, van a tener que luchar a\u00fan mucho por conservar la dignidad a salvo.&nbsp;M\u00e1s a\u00fan en estos tiempos en los que el mercado del &#8216;relato compartido&#8217; pone a disposici\u00f3n del cliente una amplia gama de dignidades, as\u00ed en la Tierra como en los sexshop:&nbsp;todas las tallas, m\u00e1xima adaptabilidad&nbsp;y distintos sabores.&nbsp;<\/P><\/p>\n<!-- AddThis Advanced Settings generic via filter on the_content --><!-- AddThis Share Buttons generic via filter on the_content -->","protected":false},"excerpt":{"rendered":"<p>Lejos de ser una ciencia exacta, las matem\u00e1ticas&nbsp;han quedado reducidos a lo mismo que&nbsp;todo&nbsp;lo dem\u00e1s hoy en d\u00eda: apenas&nbsp;un estado de \u00e1nimo.&nbsp;Basta repasar una y otra vez&nbsp;los listados de v\u00edctimas del terrorismo para toparse con un gran lienzo en homenaje a la desmemoria, \u00f3leo sobre manipulaci\u00f3n. El comunicado de ETA ha desatado una oleada de [&hellip;]<!-- AddThis Advanced Settings generic via filter on get_the_excerpt --><!-- AddThis Share Buttons generic via filter on get_the_excerpt --><\/p>\n","protected":false},"author":37,"featured_media":0,"comment_status":"open","ping_status":"closed","sticky":false,"template":"","format":"standard","meta":[],"categories":[2],"tags":[5],"_links":{"self":[{"href":"https:\/\/blogs.diariovasco.com\/eljukebox\/wp-json\/wp\/v2\/posts\/1572"}],"collection":[{"href":"https:\/\/blogs.diariovasco.com\/eljukebox\/wp-json\/wp\/v2\/posts"}],"about":[{"href":"https:\/\/blogs.diariovasco.com\/eljukebox\/wp-json\/wp\/v2\/types\/post"}],"author":[{"embeddable":true,"href":"https:\/\/blogs.diariovasco.com\/eljukebox\/wp-json\/wp\/v2\/users\/37"}],"replies":[{"embeddable":true,"href":"https:\/\/blogs.diariovasco.com\/eljukebox\/wp-json\/wp\/v2\/comments?post=1572"}],"version-history":[{"count":0,"href":"https:\/\/blogs.diariovasco.com\/eljukebox\/wp-json\/wp\/v2\/posts\/1572\/revisions"}],"wp:attachment":[{"href":"https:\/\/blogs.diariovasco.com\/eljukebox\/wp-json\/wp\/v2\/media?parent=1572"}],"wp:term":[{"taxonomy":"category","embeddable":true,"href":"https:\/\/blogs.diariovasco.com\/eljukebox\/wp-json\/wp\/v2\/categories?post=1572"},{"taxonomy":"post_tag","embeddable":true,"href":"https:\/\/blogs.diariovasco.com\/eljukebox\/wp-json\/wp\/v2\/tags?post=1572"}],"curies":[{"name":"wp","href":"https:\/\/api.w.org\/{rel}","templated":true}]}}