{"id":207,"date":"2006-12-01T17:59:41","date_gmt":"2006-12-01T17:59:41","guid":{"rendered":"http:\/\/blogs.diariovasco.com\/eljukebox\/?p=207"},"modified":"2006-12-01T17:59:41","modified_gmt":"2006-12-01T17:59:41","slug":"la_euronoche","status":"publish","type":"post","link":"https:\/\/blogs.diariovasco.com\/eljukebox\/2006\/12\/01\/la_euronoche\/","title":{"rendered":"La Euronoche"},"content":{"rendered":"<p>Alberto Moyano<\/p>\n<p>La fundaci\u00f3n de Gipuzkoa Hiria ha despejado el camino a otro tipo de<br \/>\nficciones territoriales. La \u00faltima, bautizada como Eurorregi\u00f3n, fue el<br \/>\neje del debate &#8211;tertulia abr\u00eda que decir m\u00e1s bien&#8211; celebrado ayer en<br \/>\n&#8216;La ciudad se mueve&#8217; de Teledonosti. Los alcaldes de Donostia e Ir\u00fan,<br \/>\nel director del Plan General donostiarra y un par de representantes de<br \/>\nlos ayuntamientos de Vitoria y Bilbao hablaron y hablaron sobre este<br \/>\ngeneroso concepto que, b\u00e1sicamente, se reduce a convertir la Comunidad<br \/>\nAut\u00f3noma Vasca y los territorios vasco-franceses en una gran superficie<br \/>\nque permita la r\u00e1pida circulaci\u00f3n de clientes y compradores en general.<br \/>\n<br \/>\nEl enunciado, b\u00e1sicamente, es: Yo inauguro un Ikea, t\u00fa abres un Museo,<br \/>\n\u00e9l monta un aquarium, nosotros construimos trenes, vosotros viaj\u00e1is con<br \/>\nlas compras, ellos visitan nuestros bares de pinchos. A\u00fan reconociendo<br \/>\nque la Eurorregi\u00f3n como proyecto todav\u00eda es un lactante, los<br \/>\nrepresentantes pol\u00edticos mostraron un ir\u00f3nico optimismo sobre este<br \/>\nproyecto de futuro que ser\u00e1 realidad si consigue sortear la tupida red<br \/>\nde recelos, envidias y desconfianzas que tejen las localidades<br \/>\nimplicadas. <br \/>\nEl encuentro, celebrado sobre un&nbsp; consenso previo en torno a las<br \/>\nbondades del invento, record\u00f3 el inmenso valor de una infraestructura<br \/>\ncomo el Topo, compendio y resumen de todo lo que le falta a la<br \/>\nEurorregi\u00f3n en materia de transporte p\u00fablico colectivo. No importa: la<br \/>\nya legendaria Y ferroviaria es el futuro. Y nosotros que lo veamos.<\/p>\n<p><\/p>\n<!-- AddThis Advanced Settings generic via filter on the_content --><!-- AddThis Share Buttons generic via filter on the_content -->","protected":false},"excerpt":{"rendered":"<p>Alberto Moyano La fundaci\u00f3n de Gipuzkoa Hiria ha despejado el camino a otro tipo de ficciones territoriales. La \u00faltima, bautizada como Eurorregi\u00f3n, fue el eje del debate &#8211;tertulia abr\u00eda que decir m\u00e1s bien&#8211; celebrado ayer en &#8216;La ciudad se mueve&#8217; de Teledonosti. Los alcaldes de Donostia e Ir\u00fan, el director del Plan General donostiarra y [&hellip;]<!-- AddThis Advanced Settings generic via filter on get_the_excerpt --><!-- AddThis Share Buttons generic via filter on get_the_excerpt --><\/p>\n","protected":false},"author":37,"featured_media":0,"comment_status":"open","ping_status":"closed","sticky":false,"template":"","format":"standard","meta":[],"categories":[2],"tags":[5],"_links":{"self":[{"href":"https:\/\/blogs.diariovasco.com\/eljukebox\/wp-json\/wp\/v2\/posts\/207"}],"collection":[{"href":"https:\/\/blogs.diariovasco.com\/eljukebox\/wp-json\/wp\/v2\/posts"}],"about":[{"href":"https:\/\/blogs.diariovasco.com\/eljukebox\/wp-json\/wp\/v2\/types\/post"}],"author":[{"embeddable":true,"href":"https:\/\/blogs.diariovasco.com\/eljukebox\/wp-json\/wp\/v2\/users\/37"}],"replies":[{"embeddable":true,"href":"https:\/\/blogs.diariovasco.com\/eljukebox\/wp-json\/wp\/v2\/comments?post=207"}],"version-history":[{"count":0,"href":"https:\/\/blogs.diariovasco.com\/eljukebox\/wp-json\/wp\/v2\/posts\/207\/revisions"}],"wp:attachment":[{"href":"https:\/\/blogs.diariovasco.com\/eljukebox\/wp-json\/wp\/v2\/media?parent=207"}],"wp:term":[{"taxonomy":"category","embeddable":true,"href":"https:\/\/blogs.diariovasco.com\/eljukebox\/wp-json\/wp\/v2\/categories?post=207"},{"taxonomy":"post_tag","embeddable":true,"href":"https:\/\/blogs.diariovasco.com\/eljukebox\/wp-json\/wp\/v2\/tags?post=207"}],"curies":[{"name":"wp","href":"https:\/\/api.w.org\/{rel}","templated":true}]}}