{"id":209,"date":"2006-12-05T20:32:32","date_gmt":"2006-12-05T20:32:32","guid":{"rendered":"http:\/\/blogs.diariovasco.com\/eljukebox\/?p=209"},"modified":"2006-12-05T20:32:32","modified_gmt":"2006-12-05T20:32:32","slug":"lo_que_dura_durango","status":"publish","type":"post","link":"https:\/\/blogs.diariovasco.com\/eljukebox\/2006\/12\/05\/lo_que_dura_durango\/","title":{"rendered":"Lo que dura Durango"},"content":{"rendered":"<p><P>Alberto Moyano<\/P><br \/>\n<P>Superviiagra de la industria cultural vasca, la Feria de Durango ofrece cada a\u00f1o una imagen vigorosa de la situaci\u00f3n que no termina de homologarse a eso que llamamos normalidad. La concentraci\u00f3n de publicaciones editoriales y musicales en esta \u00e9poca del a\u00f1o decrece en los \u00faltimos tiempos, lo que ha llevado a algunos a pensar que la dependencia de la Feria lo ha hecho en la misma medida y que las ventas se reparten cada vez m\u00e1s a lo largo del a\u00f1o. No est\u00e1 tan claro. Los autores parecen trabajar bajo la presi\u00f3n a\u00f1adida que supone saber que en diciembre toca lanzar una novedad. Los editores, a salvar las cuentas como sea y el p\u00fablico, bueno, el p\u00fablico env\u00eda un mensaje subliminal a su pesar: har\u00edamos lo que fuera por la cultura vasca&#8230; salvo consumirla con regularidad. El objetivo final es repetir el esquema de los grandes eventos \u2013festivales de jazz, de cine, Quincena Musical o la misma Feria del libro, por citar ejemplos donostiarras\u2013 y hacer que la mezcla de bombardeo informativo, avalancha de novedades y la i nducida sensaci\u00f3n \u00abde ah\u00ed debo estar\u00bb terminen por atraer a un p\u00fablico superior al que objetivamente tienen estas actividades durante el resto del a\u00f1o.<\/P><\/p>\n<!-- AddThis Advanced Settings generic via filter on the_content --><!-- AddThis Share Buttons generic via filter on the_content -->","protected":false},"excerpt":{"rendered":"<p>Alberto Moyano Superviiagra de la industria cultural vasca, la Feria de Durango ofrece cada a\u00f1o una imagen vigorosa de la situaci\u00f3n que no termina de homologarse a eso que llamamos normalidad. La concentraci\u00f3n de publicaciones editoriales y musicales en esta \u00e9poca del a\u00f1o decrece en los \u00faltimos tiempos, lo que ha llevado a algunos a [&hellip;]<!-- AddThis Advanced Settings generic via filter on get_the_excerpt --><!-- AddThis Share Buttons generic via filter on get_the_excerpt --><\/p>\n","protected":false},"author":37,"featured_media":0,"comment_status":"open","ping_status":"closed","sticky":false,"template":"","format":"standard","meta":[],"categories":[2],"tags":[5],"_links":{"self":[{"href":"https:\/\/blogs.diariovasco.com\/eljukebox\/wp-json\/wp\/v2\/posts\/209"}],"collection":[{"href":"https:\/\/blogs.diariovasco.com\/eljukebox\/wp-json\/wp\/v2\/posts"}],"about":[{"href":"https:\/\/blogs.diariovasco.com\/eljukebox\/wp-json\/wp\/v2\/types\/post"}],"author":[{"embeddable":true,"href":"https:\/\/blogs.diariovasco.com\/eljukebox\/wp-json\/wp\/v2\/users\/37"}],"replies":[{"embeddable":true,"href":"https:\/\/blogs.diariovasco.com\/eljukebox\/wp-json\/wp\/v2\/comments?post=209"}],"version-history":[{"count":0,"href":"https:\/\/blogs.diariovasco.com\/eljukebox\/wp-json\/wp\/v2\/posts\/209\/revisions"}],"wp:attachment":[{"href":"https:\/\/blogs.diariovasco.com\/eljukebox\/wp-json\/wp\/v2\/media?parent=209"}],"wp:term":[{"taxonomy":"category","embeddable":true,"href":"https:\/\/blogs.diariovasco.com\/eljukebox\/wp-json\/wp\/v2\/categories?post=209"},{"taxonomy":"post_tag","embeddable":true,"href":"https:\/\/blogs.diariovasco.com\/eljukebox\/wp-json\/wp\/v2\/tags?post=209"}],"curies":[{"name":"wp","href":"https:\/\/api.w.org\/{rel}","templated":true}]}}