{"id":2198,"date":"2013-03-18T09:43:24","date_gmt":"2013-03-18T08:43:24","guid":{"rendered":"http:\/\/blogs.diariovasco.com\/eljukebox\/?p=2198"},"modified":"2013-03-18T09:43:24","modified_gmt":"2013-03-18T08:43:24","slug":"diwaniya-2004-soy-yo-soy-espanol-espanol-etcetera","status":"publish","type":"post","link":"https:\/\/blogs.diariovasco.com\/eljukebox\/2013\/03\/18\/diwaniya-2004-soy-yo-soy-espanol-espanol-etcetera\/","title":{"rendered":"Diwaniya 2004: soy yo soy espa\u00f1ol, espa\u00f1ol, etc\u00e9tera"},"content":{"rendered":"<p><strong>1)<\/strong> Los maltratos a detenidos iraqu\u00edes por parte de soldados espa\u00f1oles en 2004 en la base que el Ministerio de Defensa mont\u00f3 en Diwaniya se presenta como un caso &#8220;aislado&#8221;. Con este adjetivo, \u00bfa qu\u00e9 se refiere?<br \/>\na) A que fue la primera y \u00fanica vez que se produjeron los malostratos.<br \/>\nb) A que eran una pr\u00e1ctica habitual pero fue la primera y \u00fanica vez que se grabaron.<br \/>\nc) A que tanto los malos tratos como su grabaci\u00f3n en v\u00eddeo eran habituales, pero es la primera vez que se filtra uno a los medios de comunicaci\u00f3n.<\/p>\n<p><strong>2) <\/strong>En efecto, es la primera vez que se filtra un v\u00eddeo que militares espa\u00f1oles maltratando a detenidos, lo cual empa\u00f1a su imagen de constructores de escuelas y ambulatorios, repartidores de caramelos entre los ni\u00f1os en sus ratos libres. \u00bfPor qu\u00e9?<br \/>\na) Porque nunca antes se produjeron hechos semejantes.<br \/>\nb) Porque en el resto de &#8216;misiones humanitarias&#8217; los contigentes espa\u00f1oles no se encargaron de la custodia de prisioneros.<br \/>\nc) Porque Defensa maniobr\u00f3 para que no trascendieran este tipo de hechos, denunciados no obstante por el periodista Gervasio S\u00e1nchez.<\/p>\n<p><strong>3)<\/strong> En el v\u00eddeo de Diwaniya, la grabaci\u00f3n comienza antes de que los militares entren en la celda. \u00bfPor qu\u00e9?<br \/>\na) Porque iban a grabar una confesi\u00f3n. Dif\u00edcil porque los soldados entran sin int\u00e9rprete y en ning\u00fan momento formulan pregunta alguna.<br \/>\nb) Porque se trata de un acto gratuito de sadismo que los mililtares consideran digno de ser guardado como souvenir.<br \/>\nc) Porque era una costumbre habitual coleccionar este tipo de v\u00eddeos.<\/p>\n<p><strong>4)<\/strong> A la orden de &#8220;que te levantes&#8221;, ninguno de los dos detenidos hace amago de cumplirla. \u00bfPor qu\u00e9?<br \/>\na) Porque no entienden la orden.<br \/>\nb) Porque saben por experiencias anteriores la que les viene encima y prefieren protegerse de los golpes acurrucados en el suelo.<br \/>\nc) Porque no est\u00e1n en condiciones de mantenerse en pie a consecuencia de los &#8216;h\u00e1biles interrogatorios&#8217; previos a los que han sido sometidos.<\/p>\n<p><strong>5)<\/strong> M\u00e1s de 5.000 soldados espa\u00f1oles sirvieron a lo largo del a\u00f1o que duraron sus operaciones de ocupaci\u00f3n en Irak, pero ni uno s\u00f3lo de ellos ha denunciado este tipo de comportamientos. \u00bfPor qu\u00e9?<br \/>\na) Nunca tuvieron conocimiento de que se produjeran.<br \/>\nb) Los consideraban apropiados e incluso muchos participaban en ellos (en este punto, recordar que un v\u00eddeo se graba b\u00e1sicamente para mostr\u00e1rselo a terceros)<br \/>\nc) Quienes los consideraban inapropiados no se atrevieron a denunciarlos por temor a la reacci\u00f3n de sus mandos, lo cual implicar\u00eda que \u00e9stos o los permit\u00edan o los aprobaban o directamente los ordenaban.<\/p>\n<p><strong>6)<\/strong> En Espa\u00f1a las torturas y malos tratos forman parte de una tradici\u00f3n indemostrable de la que nunca se habla y que, en casos de extrema evidencia, se zanjan con el recurso a tres argumentos:<br \/>\na) Son denuncias falsas. \u00bfA qui\u00e9n vas a creer? \u00bfA un miembro de los cuerpos de seguridad encargarnos de proteger a la sociedad o a un terrorista, cuya denuncia demuestra que trabaja para el enemigo?<br \/>\nb) Los &#8216;interrogatorios&#8217; en r\u00e9gimen de incomunicaci\u00f3n ayudan a evitar atentados y, por lo tanto, a salvar muchas vidas, no es necesario que la ciudadan\u00eda conozca los detalles.<br \/>\nc) Se lo merecen. <\/p>\n<!-- AddThis Advanced Settings generic via filter on the_content --><!-- AddThis Share Buttons generic via filter on the_content -->","protected":false},"excerpt":{"rendered":"<p>1) Los maltratos a detenidos iraqu\u00edes por parte de soldados espa\u00f1oles en 2004 en la base que el Ministerio de Defensa mont\u00f3 en Diwaniya se presenta como un caso &#8220;aislado&#8221;. Con este adjetivo, \u00bfa qu\u00e9 se refiere? a) A que fue la primera y \u00fanica vez que se produjeron los malostratos. b) A que eran [&hellip;]<!-- AddThis Advanced Settings generic via filter on get_the_excerpt --><!-- AddThis Share Buttons generic via filter on get_the_excerpt --><\/p>\n","protected":false},"author":38,"featured_media":0,"comment_status":"open","ping_status":"closed","sticky":false,"template":"","format":"standard","meta":[],"categories":[4],"tags":[],"_links":{"self":[{"href":"https:\/\/blogs.diariovasco.com\/eljukebox\/wp-json\/wp\/v2\/posts\/2198"}],"collection":[{"href":"https:\/\/blogs.diariovasco.com\/eljukebox\/wp-json\/wp\/v2\/posts"}],"about":[{"href":"https:\/\/blogs.diariovasco.com\/eljukebox\/wp-json\/wp\/v2\/types\/post"}],"author":[{"embeddable":true,"href":"https:\/\/blogs.diariovasco.com\/eljukebox\/wp-json\/wp\/v2\/users\/38"}],"replies":[{"embeddable":true,"href":"https:\/\/blogs.diariovasco.com\/eljukebox\/wp-json\/wp\/v2\/comments?post=2198"}],"version-history":[{"count":0,"href":"https:\/\/blogs.diariovasco.com\/eljukebox\/wp-json\/wp\/v2\/posts\/2198\/revisions"}],"wp:attachment":[{"href":"https:\/\/blogs.diariovasco.com\/eljukebox\/wp-json\/wp\/v2\/media?parent=2198"}],"wp:term":[{"taxonomy":"category","embeddable":true,"href":"https:\/\/blogs.diariovasco.com\/eljukebox\/wp-json\/wp\/v2\/categories?post=2198"},{"taxonomy":"post_tag","embeddable":true,"href":"https:\/\/blogs.diariovasco.com\/eljukebox\/wp-json\/wp\/v2\/tags?post=2198"}],"curies":[{"name":"wp","href":"https:\/\/api.w.org\/{rel}","templated":true}]}}