{"id":220,"date":"2006-12-21T15:09:16","date_gmt":"2006-12-21T15:09:16","guid":{"rendered":"http:\/\/blogs.diariovasco.com\/eljukebox\/?p=220"},"modified":"2006-12-21T15:09:16","modified_gmt":"2006-12-21T15:09:16","slug":"cita_con_marcianos","status":"publish","type":"post","link":"https:\/\/blogs.diariovasco.com\/eljukebox\/2006\/12\/21\/cita_con_marcianos\/","title":{"rendered":"Cita con marcianos"},"content":{"rendered":"<p>Alberto Moyano<\/p>\n<p>Lo m\u00e1s asombroso no es que haya gente que crea en la existencia de los<br \/>\novnis, sino que lo haga incluso despu\u00e9s de ver programas sobre ovnis.<br \/>\nLa s\u00e9ptima puerta, secci\u00f3n habitual del programa de Teledonosti &#8216;El<br \/>\ncamarote de los Marx&#8217;, reuni\u00f3 anoche a \u00c1lvaro Bermejo, Bego\u00f1a Ameztoy,<br \/>\nPeio Ruiz Cabestany y Mar\u00eda Jos\u00e9 Abancens para hablar de objetos<br \/>\nvolantes no identificados. En esa tesitura, la inopinada interrupci\u00f3n a<br \/>\ncargo de Tito Irazusta para dar el resultado del partido de la Real<br \/>\npareci\u00f3 completamente natural.<br \/>\nTras el recuento de los casos de avistamientos registrados en Gipuzkoa<br \/>\nque realiz\u00f3 Bermejo, el debate comenz\u00f3 a deslizarse. As\u00ed, la charla<br \/>\nsac\u00f3 a relucir un estramb\u00f3tico episodio acaecido har\u00e1 unos veinte a\u00f1os<br \/>\nen Donostia, cuando varios miles de personas se dieron cita en el Monte<br \/>\nIgeldo para asistir a una supuesta cita con platillos volantes. El<br \/>\nestrafalario acto corri\u00f3 a cargo de alquien que Cabestany calific\u00f3 de<br \/>\n\u00abgur\u00fa\u00bb, el cual, subido a una roca, exclam\u00f3 invocaciones para ovnis,<br \/>\nsin resultados visibles. El gur\u00fa en cuesti\u00f3n fue identificado<br \/>\nposteriormente como F\u00e9lix Ares, quien con el tiempo acabar\u00eda dirigiendo<br \/>\nel Kutxaespacio de la Ciencia de Miram\u00f3n. En cualquier caso, parece que<br \/>\nla invocaci\u00f3n fall\u00f3 y nadie vio nada raro, salvo Cabestany y un amigo<br \/>\nque s\u00ed llegaron a contactar.<br \/>\nAmeztoy relat\u00f3 su avistamiento juvenil y Abancens, una estramb\u00f3tica<br \/>\nhistoria con&nbsp; una esfera met\u00e1lica y voladora que llev\u00f3 a la<br \/>\nadivinadora a esconderse debajo de una mesa y con su amiga exclamando:<br \/>\n\u00a1Venid! \u00a1Venid!. Con todo, Abancens rest\u00f3 importancia al episodio<br \/>\npsicotr\u00f3pico y reconoci\u00f3 que del tema ovni tampoco es que sepa mucho.<\/p>\n<p>PD: Si la ilusi\u00f3n de tu vida es proclamar ante ante las c\u00e1maras aquello<br \/>\nde \u00abesto es para tapar agujeros\u00bb y se te pas\u00f3 ya la edad de hacer cine<br \/>\nX, ma\u00f1ana es tu d\u00eda. Y que el Gordo se reparta.<\/p>\n<p><\/p>\n<!-- AddThis Advanced Settings generic via filter on the_content --><!-- AddThis Share Buttons generic via filter on the_content -->","protected":false},"excerpt":{"rendered":"<p>Alberto Moyano Lo m\u00e1s asombroso no es que haya gente que crea en la existencia de los ovnis, sino que lo haga incluso despu\u00e9s de ver programas sobre ovnis. La s\u00e9ptima puerta, secci\u00f3n habitual del programa de Teledonosti &#8216;El camarote de los Marx&#8217;, reuni\u00f3 anoche a \u00c1lvaro Bermejo, Bego\u00f1a Ameztoy, Peio Ruiz Cabestany y Mar\u00eda [&hellip;]<!-- AddThis Advanced Settings generic via filter on get_the_excerpt --><!-- AddThis Share Buttons generic via filter on get_the_excerpt --><\/p>\n","protected":false},"author":37,"featured_media":0,"comment_status":"open","ping_status":"closed","sticky":false,"template":"","format":"standard","meta":[],"categories":[2],"tags":[5],"_links":{"self":[{"href":"https:\/\/blogs.diariovasco.com\/eljukebox\/wp-json\/wp\/v2\/posts\/220"}],"collection":[{"href":"https:\/\/blogs.diariovasco.com\/eljukebox\/wp-json\/wp\/v2\/posts"}],"about":[{"href":"https:\/\/blogs.diariovasco.com\/eljukebox\/wp-json\/wp\/v2\/types\/post"}],"author":[{"embeddable":true,"href":"https:\/\/blogs.diariovasco.com\/eljukebox\/wp-json\/wp\/v2\/users\/37"}],"replies":[{"embeddable":true,"href":"https:\/\/blogs.diariovasco.com\/eljukebox\/wp-json\/wp\/v2\/comments?post=220"}],"version-history":[{"count":0,"href":"https:\/\/blogs.diariovasco.com\/eljukebox\/wp-json\/wp\/v2\/posts\/220\/revisions"}],"wp:attachment":[{"href":"https:\/\/blogs.diariovasco.com\/eljukebox\/wp-json\/wp\/v2\/media?parent=220"}],"wp:term":[{"taxonomy":"category","embeddable":true,"href":"https:\/\/blogs.diariovasco.com\/eljukebox\/wp-json\/wp\/v2\/categories?post=220"},{"taxonomy":"post_tag","embeddable":true,"href":"https:\/\/blogs.diariovasco.com\/eljukebox\/wp-json\/wp\/v2\/tags?post=220"}],"curies":[{"name":"wp","href":"https:\/\/api.w.org\/{rel}","templated":true}]}}