{"id":223,"date":"2006-12-29T17:15:09","date_gmt":"2006-12-29T17:15:09","guid":{"rendered":"http:\/\/blogs.diariovasco.com\/eljukebox\/?p=223"},"modified":"2006-12-29T17:15:09","modified_gmt":"2006-12-29T17:15:09","slug":"santos_inocentes_el_dia_despues","status":"publish","type":"post","link":"https:\/\/blogs.diariovasco.com\/eljukebox\/2006\/12\/29\/santos_inocentes_el_dia_despues\/","title":{"rendered":"Santos Inocentes: el d\u00eda despu\u00e9s"},"content":{"rendered":"<p><P>Alberto Moyano<\/P><br \/>\n<P>El DV de hoy incluye en sus p\u00e1ginas centrales un suplemento \u00bfinformativo? \u00bfpublicitario? \u00bfpropagand\u00edstico? \u00bfelectoral? del Ayuntamiento donostiarra que, bajo el ep\u00edgrafe de &#8216;San Sebasti\u00e1n, presente y futuro&#8217;, repasa algunas de las principales actuaciones de la corporaci\u00f3n municipal en tono -no pod\u00eda ser menos- acr\u00edtico.<\/P><br \/>\n<P>El suplemento, que viene rico en vaginesil, arranca con una entrevista en la que el alcalde anuncia que &#8220;la ciudad ha mejorado en esta legislatura&#8221; y contin\u00faa con diversos apartados titulados &#8216;La vivienda: objetivo n\u00famero uno&#8217;, &#8216;Lugares de convivencia y reposo&#8217;, &#8216;Espacios verdes&#8217;, &#8216;Modernizando los espacios p\u00fablicos&#8217;, &#8216;Una ciudad abierta a la cultura&#8217; y&nbsp;&#8216;El deporte, una alternativa de ocio al alza&#8217;. El trabajo, que&nbsp;se cierra con el inevitable &#8216;Nuevos retos para la Donostia del siglo XXI&#8217;&nbsp;, deja un inequ\u00edvoco regusto a triunfo y una sensaci\u00f3n a que bien, mirado vivir en San Sebasti\u00e1n no es, al fin y al cabo, tan caro.<\/P><br \/>\n<P>Lo curioso es que entre ovaci\u00f3n y ovaci\u00f3n, se cuelan datos nuevos. Por ejemplo, se dice que Tabacalera &#8220;ser\u00e1 una gran factor\u00eda de producci\u00f3n cultural donde la gente joven vaya a crear y producir distintas obras dentro de la cultura y el arte contempor\u00e1neos&#8221;. Una &#8220;gente joven&#8221; -la que crear\u00e1 en Tabacalera- que ahora mismo es una generaci\u00f3n de lactantes, dados los plazos que se manejan para la apertura del centro. Todo hay que decirlo.<\/P><br \/>\n<P>Pero hay m\u00e1s: Tabacalera ser\u00e1 &#8220;un espacio cultural con presencia de las nuevas tecnolog\u00edas, de la imagen, del cine, de la televisi\u00f3n, de los audiovisuales, de la fotograf\u00eda con la colecci\u00f3n y con una serie de actividades vinculadas a la Fundaci\u00f3n Ord\u00f3\u00f1ez-Falc\u00f3n&#8221;. Pero, finalmente, \u00bfestar\u00e1 la colecci\u00f3n? Es m\u00e1s \u00bfel suplemento este se ha escrito antes o despu\u00e9s de que el equipo de Joxean Mu\u00f1oz entregara su informe el pasado viernes al Ayuntamiento y a las otras dos instituciones implicadas? En enero, cuando se haga p\u00fablico dicho informe, la soluci\u00f3n.<\/P><\/p>\n<!-- AddThis Advanced Settings generic via filter on the_content --><!-- AddThis Share Buttons generic via filter on the_content -->","protected":false},"excerpt":{"rendered":"<p>Alberto Moyano El DV de hoy incluye en sus p\u00e1ginas centrales un suplemento \u00bfinformativo? \u00bfpublicitario? \u00bfpropagand\u00edstico? \u00bfelectoral? del Ayuntamiento donostiarra que, bajo el ep\u00edgrafe de &#8216;San Sebasti\u00e1n, presente y futuro&#8217;, repasa algunas de las principales actuaciones de la corporaci\u00f3n municipal en tono -no pod\u00eda ser menos- acr\u00edtico. El suplemento, que viene rico en vaginesil, arranca [&hellip;]<!-- AddThis Advanced Settings generic via filter on get_the_excerpt --><!-- AddThis Share Buttons generic via filter on get_the_excerpt --><\/p>\n","protected":false},"author":37,"featured_media":0,"comment_status":"open","ping_status":"closed","sticky":false,"template":"","format":"standard","meta":[],"categories":[2],"tags":[5],"_links":{"self":[{"href":"https:\/\/blogs.diariovasco.com\/eljukebox\/wp-json\/wp\/v2\/posts\/223"}],"collection":[{"href":"https:\/\/blogs.diariovasco.com\/eljukebox\/wp-json\/wp\/v2\/posts"}],"about":[{"href":"https:\/\/blogs.diariovasco.com\/eljukebox\/wp-json\/wp\/v2\/types\/post"}],"author":[{"embeddable":true,"href":"https:\/\/blogs.diariovasco.com\/eljukebox\/wp-json\/wp\/v2\/users\/37"}],"replies":[{"embeddable":true,"href":"https:\/\/blogs.diariovasco.com\/eljukebox\/wp-json\/wp\/v2\/comments?post=223"}],"version-history":[{"count":0,"href":"https:\/\/blogs.diariovasco.com\/eljukebox\/wp-json\/wp\/v2\/posts\/223\/revisions"}],"wp:attachment":[{"href":"https:\/\/blogs.diariovasco.com\/eljukebox\/wp-json\/wp\/v2\/media?parent=223"}],"wp:term":[{"taxonomy":"category","embeddable":true,"href":"https:\/\/blogs.diariovasco.com\/eljukebox\/wp-json\/wp\/v2\/categories?post=223"},{"taxonomy":"post_tag","embeddable":true,"href":"https:\/\/blogs.diariovasco.com\/eljukebox\/wp-json\/wp\/v2\/tags?post=223"}],"curies":[{"name":"wp","href":"https:\/\/api.w.org\/{rel}","templated":true}]}}