{"id":227,"date":"2007-01-07T17:28:00","date_gmt":"2007-01-07T17:28:00","guid":{"rendered":"http:\/\/blogs.diariovasco.com\/eljukebox\/?p=227"},"modified":"2007-01-07T17:28:00","modified_gmt":"2007-01-07T17:28:00","slug":"el_proceso_como_orgia_de_opiniones","status":"publish","type":"post","link":"https:\/\/blogs.diariovasco.com\/eljukebox\/2007\/01\/07\/el_proceso_como_orgia_de_opiniones\/","title":{"rendered":"El proceso como org\u00eda (de opiniones)"},"content":{"rendered":"<p>Alberto Moyano<\/p>\n<p>Una lectura detenida de los m\u00faltiples informaciones, reportajes y<br \/>\nart\u00edculos que sobre el proceso se publican en la prensa de hoy ha<br \/>\ncontribuido enormemente a que, a por fin y tras una semana de<br \/>\nconfusi\u00f3n, las cosas se clarifiquen. Aqu\u00ed van varios, ejemplos:<br \/>\n&#8211; Cuando el presidente Zapatero anunci\u00f3 que el proceso ser\u00eda \u00ablargo,<br \/>\nduro y dif\u00edcil\u00bb estaba expresando m\u00e1s un deseo que un augurio.<br \/>\nFinalmente, se ha demostrado que la elecci\u00f3n de estos tres adjetivos<br \/>\n&#8211;con ecos a t\u00edtulo del hardcore gay&#8211; no fue arbitraria.<br \/>\n&#8211; El sostenimiento a partir de ahora de la teor\u00eda de que afirma que<br \/>\nBatasuna es ETA se antoja poco menos que imposible, a la luz del<br \/>\ndesconcierto que la segunda ha sembrado en la primera.<br \/>\n&#8211; De la misma forma, Josu Urrutikoetxea no podr\u00e1 ser juzgado tras su<br \/>\ndetenci\u00f3n como dirigente de ETA porque el proceso ha dejado<br \/>\nmeridianamente claro que ETA va dirigida por otros.<br \/>\n&#8211; La rapidez de reflejos no es la virtud m\u00e1s valorada entre las bases<br \/>\nde la izquierda abertzale a la hora de elegir a sus dirigentes, como lo<br \/>\ndemuestra el hecho de que tras la explosi\u00f3n de Madrid, a alguno de<br \/>\nellos considere que ETA a\u00fan no da por roto el alto el fuego.<br \/>\n&#8211; En pol\u00edtica antiterrorista, los peores augurios son siempre la mejor<br \/>\nopci\u00f3n. La trayectoria del PP lo demuestra, incluso en el 11-M, cuando<br \/>\nsus dirigentes olvidaron este principio incuestionable. Por ejemplo:<br \/>\nquien anuncie que Al Quaeda volver\u00e1 a cometer un magno atentado contra<br \/>\nEE UU es el que m\u00e1s posibilidades tiene de acertar, a la corta o a la<br \/>\nlarga, dado que Al\u00e1 es grande y su tiempo, infinito. <br \/>\n&#8211; A pesar de la tregua, el estado de derecho nunca ha bajado la<br \/>\nguardia. Hoy mismo, por citar un ejemplo, &#8216;El Mundo&#8217; informa de que<br \/>\n\u00ablos servicios de inteligencia dan por hecho que la banda<br \/>\nresponsabilizar\u00e1 al Ejecutivo de la ruptura del alto el fuego\u00bb. Para<br \/>\nque luego digan.<br \/>\n&#8211; A pesar de la obviedad de los sesudos an\u00e1lisis de los servicios de<br \/>\ninteligencia descritos en el punto anterior, hay que decirlo: se<br \/>\nequivocan. De hecho, ETA culpabilizar\u00e1 igualmente al Gobierno VAsco, al<br \/>\nPNV, a EA, a IU, a Aralar, y, probablemente, a algunos sectores de<br \/>\nBatasuna. Hay precedentes.<br \/>\n&#8211; Todo esto parece arrojar una conclusi\u00f3n clara: el proceso no est\u00e1<br \/>\nmuerto, tan s\u00f3lo sufre una enfermedad ven\u00e9rea, ciertamente en su fase<br \/>\nterminal, fruto de los tocamientos, dobles penetraciones, lametones y<br \/>\npr\u00e1cticas coprof\u00e1gicas a los que ha sido sometido durante los nueve<br \/>\nmeses de embarazo.<\/p>\n<!-- AddThis Advanced Settings generic via filter on the_content --><!-- AddThis Share Buttons generic via filter on the_content -->","protected":false},"excerpt":{"rendered":"<p>Alberto Moyano Una lectura detenida de los m\u00faltiples informaciones, reportajes y art\u00edculos que sobre el proceso se publican en la prensa de hoy ha contribuido enormemente a que, a por fin y tras una semana de confusi\u00f3n, las cosas se clarifiquen. Aqu\u00ed van varios, ejemplos: &#8211; Cuando el presidente Zapatero anunci\u00f3 que el proceso ser\u00eda [&hellip;]<!-- AddThis Advanced Settings generic via filter on get_the_excerpt --><!-- AddThis Share Buttons generic via filter on get_the_excerpt --><\/p>\n","protected":false},"author":37,"featured_media":0,"comment_status":"open","ping_status":"closed","sticky":false,"template":"","format":"standard","meta":[],"categories":[2],"tags":[5],"_links":{"self":[{"href":"https:\/\/blogs.diariovasco.com\/eljukebox\/wp-json\/wp\/v2\/posts\/227"}],"collection":[{"href":"https:\/\/blogs.diariovasco.com\/eljukebox\/wp-json\/wp\/v2\/posts"}],"about":[{"href":"https:\/\/blogs.diariovasco.com\/eljukebox\/wp-json\/wp\/v2\/types\/post"}],"author":[{"embeddable":true,"href":"https:\/\/blogs.diariovasco.com\/eljukebox\/wp-json\/wp\/v2\/users\/37"}],"replies":[{"embeddable":true,"href":"https:\/\/blogs.diariovasco.com\/eljukebox\/wp-json\/wp\/v2\/comments?post=227"}],"version-history":[{"count":0,"href":"https:\/\/blogs.diariovasco.com\/eljukebox\/wp-json\/wp\/v2\/posts\/227\/revisions"}],"wp:attachment":[{"href":"https:\/\/blogs.diariovasco.com\/eljukebox\/wp-json\/wp\/v2\/media?parent=227"}],"wp:term":[{"taxonomy":"category","embeddable":true,"href":"https:\/\/blogs.diariovasco.com\/eljukebox\/wp-json\/wp\/v2\/categories?post=227"},{"taxonomy":"post_tag","embeddable":true,"href":"https:\/\/blogs.diariovasco.com\/eljukebox\/wp-json\/wp\/v2\/tags?post=227"}],"curies":[{"name":"wp","href":"https:\/\/api.w.org\/{rel}","templated":true}]}}