{"id":228,"date":"2007-01-09T11:29:00","date_gmt":"2007-01-09T11:29:00","guid":{"rendered":"http:\/\/blogs.diariovasco.com\/eljukebox\/?p=228"},"modified":"2007-01-09T11:29:00","modified_gmt":"2007-01-09T11:29:00","slug":"la_explosion_como_corriente_artistica","status":"publish","type":"post","link":"https:\/\/blogs.diariovasco.com\/eljukebox\/2007\/01\/09\/la_explosion_como_corriente_artistica\/","title":{"rendered":"La explosi\u00f3n como corriente art\u00edstica"},"content":{"rendered":"<p>Alberto Moyano<\/p>\n<p>A la espera de que las autoridades competentes se animen a hacer<br \/>\np\u00fablico el informe sobre el proyecto Tabacalera, repasar las distintas<br \/>\nprogramaciones de los centros y museos de arte contempor\u00e1neo de otras<br \/>\nciudades es una forma tan buena como otra cualquiera de pasar el rato. <br \/>\nAs\u00ed, el Museo de Arte Contempor\u00e1neo de Castilla y Le\u00f3n inaugura el<br \/>\npr\u00f3ximo d\u00eda 20, festividad de San Sebasti\u00e1n, cinco exposiciones con las<br \/>\nque suscitar una reflexi\u00f3n sobre la Historia de Espa\u00f1a en el siglo XX.Y<br \/>\naqu\u00ed surge la pregunta: \u00bfSon los restos del coche reventado de Carrero<br \/>\nBlanco una escultura contempor\u00e1nea?&nbsp; Escultura, quiz\u00e1s sea, pero<br \/>\ncontempor\u00e1nea, rotundamente, no. El modelo &#8211;un Dodge Dart&#8211; est\u00e1<br \/>\nobsoleto hace d\u00e9cadas y adem\u00e1s, amasijos de hierros retorcidos como los<br \/>\nfabricados por la explosi\u00f3n en el aparcamiento de la T4 de Barajas &#8211;ver<br \/>\nportada de &#8216;El Pa\u00eds&#8217; de hoy&#8211; convierten el veh\u00edculo del presidente en<br \/>\narqueolog\u00eda. Y a\u00fan m\u00e1s: \u00bfSon las explosiones formas de creaci\u00f3n? \u00bfEs<br \/>\nBagdad un gigantesco Arteleku? \u00bfPodemos hablar de arte talib\u00e1n? \u00bfEs el<br \/>\nterrorismo un humanismo? Dudas y m\u00e1s dudas.<br \/>\nSin embargo, ah\u00ed estar\u00e1 expuesto, a partir del 20 enero, junto los<br \/>\nleones del Congreso &#8211;el teletipo de la gencia Efe no aporta m\u00e1s datos<br \/>\naunque se supone que estar\u00e1n en formato r\u00e9plica&#8211;, y a un par de v\u00eddeos,<br \/>\nuno titulado &#8216;Gato rico muere de ataque al coraz\u00f3n en Chicago&#8217;, \u00aben el<br \/>\nque aparecen varias personas arrastrando la enorme cabeza de una<br \/>\nestatua\u00bb, y el otro &#8216;Baraka&#8217;, producido ex profeso para la muestra y<br \/>\nque \u00abreflexiona sobre la propia historia de Espa\u00f1a y, concretamente,<br \/>\nsobre la idea de destino vinculada al poder\u00bb, seg\u00fan la informaci\u00f3n de<br \/>\nEfe.<\/p>\n<p><\/p>\n<!-- AddThis Advanced Settings generic via filter on the_content --><!-- AddThis Share Buttons generic via filter on the_content -->","protected":false},"excerpt":{"rendered":"<p>Alberto Moyano A la espera de que las autoridades competentes se animen a hacer p\u00fablico el informe sobre el proyecto Tabacalera, repasar las distintas programaciones de los centros y museos de arte contempor\u00e1neo de otras ciudades es una forma tan buena como otra cualquiera de pasar el rato. As\u00ed, el Museo de Arte Contempor\u00e1neo de [&hellip;]<!-- AddThis Advanced Settings generic via filter on get_the_excerpt --><!-- AddThis Share Buttons generic via filter on get_the_excerpt --><\/p>\n","protected":false},"author":37,"featured_media":0,"comment_status":"open","ping_status":"closed","sticky":false,"template":"","format":"standard","meta":[],"categories":[2],"tags":[5],"_links":{"self":[{"href":"https:\/\/blogs.diariovasco.com\/eljukebox\/wp-json\/wp\/v2\/posts\/228"}],"collection":[{"href":"https:\/\/blogs.diariovasco.com\/eljukebox\/wp-json\/wp\/v2\/posts"}],"about":[{"href":"https:\/\/blogs.diariovasco.com\/eljukebox\/wp-json\/wp\/v2\/types\/post"}],"author":[{"embeddable":true,"href":"https:\/\/blogs.diariovasco.com\/eljukebox\/wp-json\/wp\/v2\/users\/37"}],"replies":[{"embeddable":true,"href":"https:\/\/blogs.diariovasco.com\/eljukebox\/wp-json\/wp\/v2\/comments?post=228"}],"version-history":[{"count":0,"href":"https:\/\/blogs.diariovasco.com\/eljukebox\/wp-json\/wp\/v2\/posts\/228\/revisions"}],"wp:attachment":[{"href":"https:\/\/blogs.diariovasco.com\/eljukebox\/wp-json\/wp\/v2\/media?parent=228"}],"wp:term":[{"taxonomy":"category","embeddable":true,"href":"https:\/\/blogs.diariovasco.com\/eljukebox\/wp-json\/wp\/v2\/categories?post=228"},{"taxonomy":"post_tag","embeddable":true,"href":"https:\/\/blogs.diariovasco.com\/eljukebox\/wp-json\/wp\/v2\/tags?post=228"}],"curies":[{"name":"wp","href":"https:\/\/api.w.org\/{rel}","templated":true}]}}