{"id":231,"date":"2007-01-12T10:22:25","date_gmt":"2007-01-12T10:22:25","guid":{"rendered":"http:\/\/blogs.diariovasco.com\/eljukebox\/?p=231"},"modified":"2007-01-12T10:22:25","modified_gmt":"2007-01-12T10:22:25","slug":"la_noche_mas_esquizoide","status":"publish","type":"post","link":"https:\/\/blogs.diariovasco.com\/eljukebox\/2007\/01\/12\/la_noche_mas_esquizoide\/","title":{"rendered":"La noche m\u00e1s esquizoide"},"content":{"rendered":"<p>Alberto Moyano<\/p>\n<p>El debate que &#8216;La ciudad se mueve&#8217; propone cada jueves en Teledonosti<br \/>\nabandon\u00f3 anoche los asuntos locales y municipales para adentrarse en el<br \/>\nins\u00f3lito mundo del llamado proceso. De lo vertiginoso que est\u00e1 el<br \/>\nasunto da cuenta el hecho de que las entrevistas grabadas a los<br \/>\nrepresentantes municipales en torno a la manifestaci\u00f3n convocada ma\u00f1ana<br \/>\nestaban fuera de lugar tan s\u00f3lo una hora antes de empezar el programa,<br \/>\naunque finalmente recuperaron el sentido, tras el cambio de lema<br \/>\nanunciado por el lehendakari.<br \/>\n<br \/>\nEl debate entre los cinco ciudadanos sin adscripci\u00f3n pol\u00edtica conocida<br \/>\ntranscurri\u00f3 por los cauces m\u00e1s o menos habituales, aunque coje\u00f3 por la<br \/>\nausencia de alguien que asumiera las posiciones de la izquierda<br \/>\nabertzale. No hubo nadie que lo hiciera, probablemente, porque a d\u00eda de<br \/>\nhoy ya nadie sabe cu\u00e1les son \u00e9stas.<br \/>\n<br \/>\nEl pr\u00edncipe de la noche, fue sin duda, ese descomunal ejercicio de<br \/>\ncinismo y\/o esquizofrenia consistente en sostener que \u00abvivimos en una<br \/>\ndemocracia en la que los partidos pol\u00edticos act\u00faan al margen de la<br \/>\nvoluntad de los ciudadanos\u00bb. Esta frase, que necesariamente encierra al<br \/>\nmenos una falsedad, se ha convertido en recurrente en estas tertulias,<br \/>\npor cuanto permite al com\u00fan de los mortales instalarse en una especie<br \/>\nde chill-out moral.<br \/>\n<br \/>\nEl otro fen\u00f3meno que crece y crece a la sombra del proceso, \u00e9ste m\u00e1s<br \/>\nnovedoso, es la entronizaci\u00f3n de Josu Jon Imaz como dirigente de altura<br \/>\ny estadista de pro, una canonizaci\u00f3n cuyo impulso corre a cargo, no de<br \/>\nlos simpatizantes del PNV, sino de gentes tan dispares que<br \/>\nprobablemente lo \u00fanico que comparten es no haber votado jam\u00e1s al<br \/>\npartido jeltzale ni tener intenci\u00f3n de hacerlo en los pr\u00f3ximos lustros.<br \/>\nCurioso.<\/p>\n<!-- AddThis Advanced Settings generic via filter on the_content --><!-- AddThis Share Buttons generic via filter on the_content -->","protected":false},"excerpt":{"rendered":"<p>Alberto Moyano El debate que &#8216;La ciudad se mueve&#8217; propone cada jueves en Teledonosti abandon\u00f3 anoche los asuntos locales y municipales para adentrarse en el ins\u00f3lito mundo del llamado proceso. De lo vertiginoso que est\u00e1 el asunto da cuenta el hecho de que las entrevistas grabadas a los representantes municipales en torno a la manifestaci\u00f3n [&hellip;]<!-- AddThis Advanced Settings generic via filter on get_the_excerpt --><!-- AddThis Share Buttons generic via filter on get_the_excerpt --><\/p>\n","protected":false},"author":37,"featured_media":0,"comment_status":"open","ping_status":"closed","sticky":false,"template":"","format":"standard","meta":[],"categories":[2],"tags":[5],"_links":{"self":[{"href":"https:\/\/blogs.diariovasco.com\/eljukebox\/wp-json\/wp\/v2\/posts\/231"}],"collection":[{"href":"https:\/\/blogs.diariovasco.com\/eljukebox\/wp-json\/wp\/v2\/posts"}],"about":[{"href":"https:\/\/blogs.diariovasco.com\/eljukebox\/wp-json\/wp\/v2\/types\/post"}],"author":[{"embeddable":true,"href":"https:\/\/blogs.diariovasco.com\/eljukebox\/wp-json\/wp\/v2\/users\/37"}],"replies":[{"embeddable":true,"href":"https:\/\/blogs.diariovasco.com\/eljukebox\/wp-json\/wp\/v2\/comments?post=231"}],"version-history":[{"count":0,"href":"https:\/\/blogs.diariovasco.com\/eljukebox\/wp-json\/wp\/v2\/posts\/231\/revisions"}],"wp:attachment":[{"href":"https:\/\/blogs.diariovasco.com\/eljukebox\/wp-json\/wp\/v2\/media?parent=231"}],"wp:term":[{"taxonomy":"category","embeddable":true,"href":"https:\/\/blogs.diariovasco.com\/eljukebox\/wp-json\/wp\/v2\/categories?post=231"},{"taxonomy":"post_tag","embeddable":true,"href":"https:\/\/blogs.diariovasco.com\/eljukebox\/wp-json\/wp\/v2\/tags?post=231"}],"curies":[{"name":"wp","href":"https:\/\/api.w.org\/{rel}","templated":true}]}}