{"id":233,"date":"2007-01-16T12:10:43","date_gmt":"2007-01-16T12:10:43","guid":{"rendered":"http:\/\/blogs.diariovasco.com\/eljukebox\/?p=233"},"modified":"2007-01-16T12:10:43","modified_gmt":"2007-01-16T12:10:43","slug":"ciudadano_tim","status":"publish","type":"post","link":"https:\/\/blogs.diariovasco.com\/eljukebox\/2007\/01\/16\/ciudadano_tim\/","title":{"rendered":"Ciudadano Tim"},"content":{"rendered":"<p>Alberto Moyano<\/p>\n<p>\u00abMe han utilizado. Yo he venido a un festival, no a hacerme fotos con<br \/>\npol\u00edticos de derechas\u00bb. As\u00ed se manifestaba ayer en Madrid y el actor y<br \/>\ndirector estadounidense Tim Robbins despu\u00e9s de que el alcalde de la<br \/>\nvilla forzara un posado juntos en el Festival Solidario de Madrid.<br \/>\nSeg\u00fan aclara &#8216;El Pa\u00eds&#8217;, Robbins no acostumbra a hacerse fotos ni con<br \/>\nlos pol\u00edticos de derechas, ni con los de izquierdas (si es que tal<br \/>\nespec\u00edmen existe en EE UU). \u00abLo que tenga que decirles intento que sea<br \/>\nen privado. Y eso se aplica tanto a republicanos como a dem\u00f3cratas\u00bb,<br \/>\nasegura el bueno de Tim.<br \/>\nA partir de ah\u00ed, el artista hizo surf sobre una ola pel\u00edn demag\u00f3gica &#8211;<br \/>\n\u00abMe parece curioso que el alcalde encuentre la manera de sacarse la<br \/>\nfoto y, sin embargo, no sea capaz de solidarizarse con una<br \/>\nmanifestaci\u00f3n en la que 150.000 ciudadanos piden la paz\u00bb&#8211;, declaraci\u00f3n<br \/>\nque le sirve a&nbsp; &#8216;El Mundo&#8217; para disertar sobre la oscura mano de<br \/>\nJavier Bardem, quien habr\u00eda adoctrinado a Robbins sobre pol\u00edtica<br \/>\nespa\u00f1ola. No dice el peri\u00f3dico madrile\u00f1o si despu\u00e9s de tama\u00f1a paliza,<br \/>\nBardem y Robbins a\u00fan siguen siendo amigos.<br \/>\nLo que quiz\u00e1s no sab\u00eda el estadounidense es que aqu\u00ed, y m\u00e1s en plena<br \/>\nprecampa\u00f1a electoral, todo eso es papel mojado y los alcaldes se<br \/>\nabrazan lo mismo a pilotos de F\u00f3rmula I que a campeones de la<br \/>\nv\u00eddeoinstalaci\u00f3n, siempre y cuando se garanticen as\u00ed cierta presencia<br \/>\nmedi\u00e1tica, sea una foto en los peri\u00f3dicos, sea&nbsp; na imagen<br \/>\ntelevisiva en los noticiarios. Y en este terreno, merece menci\u00f3n<br \/>\nespecial Alberto Ruiz-Gallard\u00f3n, empe\u00f1ado en forjarse una imagen de<br \/>\n&#8216;popular&#8217; de rostro humano, que, por un lado, le hace acreedor a los<br \/>\ngarrotazos dial\u00e9cticos de sus correligionarios, pero, por otro, le<br \/>\nprocura el voto de los derechistas vergonzantes.<br \/>\n\u00bfSabr\u00e1 Tim Robbins que, pese a todo, deber\u00eda darse por satisfecho, ya<br \/>\nque cerca del set fotogr\u00e1fico merodeaba Ana Botella, se\u00f1ora del Aznar<br \/>\nde las Azores, que lo mismo se inmortaliza contigo que te invita a la<br \/>\nboda de alg\u00fan hijo? Lo cierto es que, por una cosa o por otra, el actor<br \/>\nha conseguido eso que el alcalde tan s\u00f3lo se atrev\u00eda a so\u00f1ar: la foto ha<br \/>\nlogrado una difusi\u00f3n medi\u00e1tica inalcanzable, de no andar por<br \/>\nmedio las pol\u00e9micas declaraciones. Hombre de Dios.<\/p>\n<!-- AddThis Advanced Settings generic via filter on the_content --><!-- AddThis Share Buttons generic via filter on the_content -->","protected":false},"excerpt":{"rendered":"<p>Alberto Moyano \u00abMe han utilizado. Yo he venido a un festival, no a hacerme fotos con pol\u00edticos de derechas\u00bb. As\u00ed se manifestaba ayer en Madrid y el actor y director estadounidense Tim Robbins despu\u00e9s de que el alcalde de la villa forzara un posado juntos en el Festival Solidario de Madrid. Seg\u00fan aclara &#8216;El Pa\u00eds&#8217;, [&hellip;]<!-- AddThis Advanced Settings generic via filter on get_the_excerpt --><!-- AddThis Share Buttons generic via filter on get_the_excerpt --><\/p>\n","protected":false},"author":37,"featured_media":0,"comment_status":"open","ping_status":"closed","sticky":false,"template":"","format":"standard","meta":[],"categories":[2],"tags":[5],"_links":{"self":[{"href":"https:\/\/blogs.diariovasco.com\/eljukebox\/wp-json\/wp\/v2\/posts\/233"}],"collection":[{"href":"https:\/\/blogs.diariovasco.com\/eljukebox\/wp-json\/wp\/v2\/posts"}],"about":[{"href":"https:\/\/blogs.diariovasco.com\/eljukebox\/wp-json\/wp\/v2\/types\/post"}],"author":[{"embeddable":true,"href":"https:\/\/blogs.diariovasco.com\/eljukebox\/wp-json\/wp\/v2\/users\/37"}],"replies":[{"embeddable":true,"href":"https:\/\/blogs.diariovasco.com\/eljukebox\/wp-json\/wp\/v2\/comments?post=233"}],"version-history":[{"count":0,"href":"https:\/\/blogs.diariovasco.com\/eljukebox\/wp-json\/wp\/v2\/posts\/233\/revisions"}],"wp:attachment":[{"href":"https:\/\/blogs.diariovasco.com\/eljukebox\/wp-json\/wp\/v2\/media?parent=233"}],"wp:term":[{"taxonomy":"category","embeddable":true,"href":"https:\/\/blogs.diariovasco.com\/eljukebox\/wp-json\/wp\/v2\/categories?post=233"},{"taxonomy":"post_tag","embeddable":true,"href":"https:\/\/blogs.diariovasco.com\/eljukebox\/wp-json\/wp\/v2\/tags?post=233"}],"curies":[{"name":"wp","href":"https:\/\/api.w.org\/{rel}","templated":true}]}}