{"id":2380,"date":"2013-12-10T10:55:56","date_gmt":"2013-12-10T09:55:56","guid":{"rendered":"http:\/\/blogs.diariovasco.com\/eljukebox\/?p=2380"},"modified":"2013-12-10T10:55:56","modified_gmt":"2013-12-10T09:55:56","slug":"wannabe-mandela","status":"publish","type":"post","link":"https:\/\/blogs.diariovasco.com\/eljukebox\/2013\/12\/10\/wannabe-mandela\/","title":{"rendered":"Wannabe Mandela"},"content":{"rendered":"<p>Tambi\u00e9n reivindicar\u00e1n para s\u00ed el legado de colaboraci\u00f3n de Mandela quienes braman que no puede haber justicia en la impunidad de los verdugos.<\/p>\n<p>Incluso llamar\u00e1n a seguir su ejemplo quienes consideran una abyecci\u00f3n moral que la Justicia no delimite el abismo que separa a v\u00edctimas y verdugos -tal y como se hizo en Sur\u00e1frica-.<\/p>\n<p>Pondr\u00e1n especial hincapi\u00e9 en tratar inopinadamente de &#8216;Madiba&#8217; a Mandela quienes lamentan que Franco muriera en su cama y olvidan que De Klerk a\u00fan duerme cada noche en la suya.<\/p>\n<p>No faltar\u00e1n al homenaje los jefes de estado de esos pa\u00edses isl\u00e1micos que tratan a la mitad de su poblaci\u00f3n -las mujeres- como si fueran negros.<\/p>\n<p>Por supuesto, en la despedida al hombre que pas\u00f3 27 a\u00f1os en la c\u00e1rcel y cuatro en el poder estar\u00e1 tambi\u00e9n el pr\u00edncipe Felipe, que lleva casi la suma de esas dos cifras esperando acceder a un trono que conf\u00eda en ocupar de por vida.<\/p>\n<p>Le acompa\u00f1ar\u00e1 Rajoy, el hombre que m\u00e1s hizo en el mundo por erradicar las diferencias entre la contabilidad oficial y el dinero &#8216;negro&#8217;.<\/p>\n<p>Imputados por corrupci\u00f3n que apelan a su condici\u00f3n de aforados Visitar\u00e1n la celda de Rodden Island, en la esperanza de que sea lo m\u00e1s cerca que vayan a estar jam\u00e1s de una c\u00e1rcel.<\/p>\n<p>Bono viaja a Sur\u00e1frica con el secreto anhelo de ser a Mandela lo que Elton John a Lady Di.<\/p>\n<p>Si a nuestros padres les propinaban &#8216;Marcelino, Pan y Vino&#8217;, a nosotros nos suminstrar\u00e1n generosas raciones de &#8216;Invictus&#8217;.<\/p>\n<p>Escucharemos que &#8220;Mandela ha muerto, pero su ejemplo sigue vivo&#8221; en boca que quienes ni por asomo tienen intenci\u00f3n de seguirlo. Hablar de un hombre en t\u00e9rminos de ejemplaridad conlleva la renuncia a considerarlo envidiable.<\/p>\n<p>El arte del taxidermista consiste en eviscerar el ejemplar disecable. As\u00ed, Mandela se convertir\u00e1 en un negro encarcelado por el color de su piel, a secas. Las endiabladas relaciones propias de la &#8216;guerra fr\u00eda&#8217; y la repercusi\u00f3n que su final tuvo la desaparici\u00f3n del &#8216;apartheid&#8217; son an\u00e9cdotasw o directamente anatema.<\/p>\n<p>Pondr\u00e1n una nota de color musical en el evento las Spice Girls, que a la m\u00ednima ocasi\u00f3n que se presente cantar\u00e1n aquello de &#8220;Yo te dir\u00e9 que es lo que quiero, lo que realmente realmente quiero,\/ Entonces dime lo que quieres, lo que realmente realmente quieres, \/Te dir\u00e9 lo que quiero, lo que realmente realmente quiero,\/ Entonces dime lo que quieres, que es lo que realmente realmente quieres \/ Yo quiero, quiero, quiero, quiero, quiero realmente \/ Realmente realmente quiero zigzaguear&#8221;. Se puede decir m\u00e1s claro, pero no m\u00e1s alto.<\/p>\n<!-- AddThis Advanced Settings generic via filter on the_content --><!-- AddThis Share Buttons generic via filter on the_content -->","protected":false},"excerpt":{"rendered":"<p>Tambi\u00e9n reivindicar\u00e1n para s\u00ed el legado de colaboraci\u00f3n de Mandela quienes braman que no puede haber justicia en la impunidad de los verdugos. Incluso llamar\u00e1n a seguir su ejemplo quienes consideran una abyecci\u00f3n moral que la Justicia no delimite el abismo que separa a v\u00edctimas y verdugos -tal y como se hizo en Sur\u00e1frica-. Pondr\u00e1n [&hellip;]<!-- AddThis Advanced Settings generic via filter on get_the_excerpt --><!-- AddThis Share Buttons generic via filter on get_the_excerpt --><\/p>\n","protected":false},"author":38,"featured_media":0,"comment_status":"open","ping_status":"open","sticky":false,"template":"","format":"standard","meta":[],"categories":[4],"tags":[],"_links":{"self":[{"href":"https:\/\/blogs.diariovasco.com\/eljukebox\/wp-json\/wp\/v2\/posts\/2380"}],"collection":[{"href":"https:\/\/blogs.diariovasco.com\/eljukebox\/wp-json\/wp\/v2\/posts"}],"about":[{"href":"https:\/\/blogs.diariovasco.com\/eljukebox\/wp-json\/wp\/v2\/types\/post"}],"author":[{"embeddable":true,"href":"https:\/\/blogs.diariovasco.com\/eljukebox\/wp-json\/wp\/v2\/users\/38"}],"replies":[{"embeddable":true,"href":"https:\/\/blogs.diariovasco.com\/eljukebox\/wp-json\/wp\/v2\/comments?post=2380"}],"version-history":[{"count":0,"href":"https:\/\/blogs.diariovasco.com\/eljukebox\/wp-json\/wp\/v2\/posts\/2380\/revisions"}],"wp:attachment":[{"href":"https:\/\/blogs.diariovasco.com\/eljukebox\/wp-json\/wp\/v2\/media?parent=2380"}],"wp:term":[{"taxonomy":"category","embeddable":true,"href":"https:\/\/blogs.diariovasco.com\/eljukebox\/wp-json\/wp\/v2\/categories?post=2380"},{"taxonomy":"post_tag","embeddable":true,"href":"https:\/\/blogs.diariovasco.com\/eljukebox\/wp-json\/wp\/v2\/tags?post=2380"}],"curies":[{"name":"wp","href":"https:\/\/api.w.org\/{rel}","templated":true}]}}