{"id":2395,"date":"2013-12-31T10:03:55","date_gmt":"2013-12-31T09:03:55","guid":{"rendered":"http:\/\/blogs.diariovasco.com\/eljukebox\/?p=2395"},"modified":"2013-12-31T10:03:55","modified_gmt":"2013-12-31T09:03:55","slug":"2013-el-ano-en-el-que-casi-nos-hacemos-de-orbyt","status":"publish","type":"post","link":"https:\/\/blogs.diariovasco.com\/eljukebox\/2013\/12\/31\/2013-el-ano-en-el-que-casi-nos-hacemos-de-orbyt\/","title":{"rendered":"2013: el a\u00f1o en el que casi nos hacemos de Orbyt"},"content":{"rendered":"<p>Si por algo se ha caracterizado este 2013 que hoy termina es por nada en especial. Fue el a\u00f1o en el que las mareas de colores -verde, azul o blanca- sustituyeron a las acampadas indignadas, el amago de protesta generalizada devino en revueltas sectoriales, con id\u00e9ntica falta de resultados. Dijmos adi\u00f3s a Mandela y hola a Madiba, y aprovechamos su funeral para hacernos &#8216;selfies&#8217; en los que todos salimos superguapos mediante el sencillo procedimiento de autoproclamar nuestra adhesi\u00f3n inquebrantable a sus principios. Siempre nos situamos m\u00e1s all\u00e1 de cualquier demostraci\u00f3n emp\u00edrica, de forma que evacuamos ordenadamente esta realidad impracticable para instalarnos en la ficci\u00f3n del autoenga\u00f1o, el \u00fanico relato compartido que a d\u00eda de hoy todos reconocemos como propio. El materialismo dial\u00e9ctico acept\u00f3 por fin que los muertos pueden reencarnarse en pajarillos y el socialismo del siglo XXI adopt\u00f3 la estampita de la virgen como herramienta de transformaci\u00f3n. El &#8220;s\u00ed se puede&#8221; ya ha dado paso a la depresi\u00f3n de postguerra que patrocina Campofr\u00edo y la tradicional corrupci\u00f3n ha evolucionado de \u00a0pr\u00e1ctica aceptable a actividad ineludible. 2013 fue el a\u00f1o en el que negar lo evidente se demostr\u00f3 lo m\u00e1s razonable. No hubo papanatas sin p\u00fablico, ni mentira a la que no se diera cr\u00e9dito. Rajoy no contest\u00f3 a las preguntas y Rubalcaba se centr\u00f3 exclusivamente en las suyas propias, gracias al infalible recurso de introducir cualquier respuesta mediante la f\u00f3rmula &#8220;ahora, si lo que usted me pregunta es X, entonces lo tengo que decir que Y&#8221;. En Euskadi, los muros de pago en la prensa convivieron con los muros populares en la calle. En ambos casos, est\u00e9riles. Fue el a\u00f1o de la gastronom\u00eda espa\u00f1ola, el primer pa\u00eds en introducir la concertina a su cuberter\u00eda de mesa. Nunca hemos hablado tanto, ni hemos hecho menos, sirva la elecci\u00f3n del Papa Francisco como hombre del a\u00f1o. No por falta de ganas, sino por ausencia de qu\u00e9. La esperanza es una Conversaci\u00f3n del Sabadell. Han sido doce meses en los que siempre faltaban tres d\u00edas para abonarse Orbyt en condiciones inmejorables. Qu\u00e9 r\u00e1pido pasa el tiempo cuando la vida se divide en trimestres y para todo hay que esperar a que llegue el cuarto. En lo colectivo, apenas nos quedan ya delitos in\u00e9ditos que perpetrar; en lo individual, la autoestima roza el bono basura. 2013, qui\u00e9n nos iba a decir que ser\u00edas el a\u00f1o en el que descubrir\u00edamos que el Trending Topic era un \u00e1rbol que jam\u00e1s dar\u00e1 frutos. A las doce en punto te diremos agur. Esperemos que los &#8220;enemigos de la paz&#8221; se queden sin cohetes ni petardos para y cuarto como muy tarde.<\/p>\n<!-- AddThis Advanced Settings generic via filter on the_content --><!-- AddThis Share Buttons generic via filter on the_content -->","protected":false},"excerpt":{"rendered":"<p>Si por algo se ha caracterizado este 2013 que hoy termina es por nada en especial. Fue el a\u00f1o en el que las mareas de colores -verde, azul o blanca- sustituyeron a las acampadas indignadas, el amago de protesta generalizada devino en revueltas sectoriales, con id\u00e9ntica falta de resultados. Dijmos adi\u00f3s a Mandela y hola [&hellip;]<!-- AddThis Advanced Settings generic via filter on get_the_excerpt --><!-- AddThis Share Buttons generic via filter on get_the_excerpt --><\/p>\n","protected":false},"author":38,"featured_media":0,"comment_status":"open","ping_status":"open","sticky":false,"template":"","format":"standard","meta":[],"categories":[4],"tags":[],"_links":{"self":[{"href":"https:\/\/blogs.diariovasco.com\/eljukebox\/wp-json\/wp\/v2\/posts\/2395"}],"collection":[{"href":"https:\/\/blogs.diariovasco.com\/eljukebox\/wp-json\/wp\/v2\/posts"}],"about":[{"href":"https:\/\/blogs.diariovasco.com\/eljukebox\/wp-json\/wp\/v2\/types\/post"}],"author":[{"embeddable":true,"href":"https:\/\/blogs.diariovasco.com\/eljukebox\/wp-json\/wp\/v2\/users\/38"}],"replies":[{"embeddable":true,"href":"https:\/\/blogs.diariovasco.com\/eljukebox\/wp-json\/wp\/v2\/comments?post=2395"}],"version-history":[{"count":0,"href":"https:\/\/blogs.diariovasco.com\/eljukebox\/wp-json\/wp\/v2\/posts\/2395\/revisions"}],"wp:attachment":[{"href":"https:\/\/blogs.diariovasco.com\/eljukebox\/wp-json\/wp\/v2\/media?parent=2395"}],"wp:term":[{"taxonomy":"category","embeddable":true,"href":"https:\/\/blogs.diariovasco.com\/eljukebox\/wp-json\/wp\/v2\/categories?post=2395"},{"taxonomy":"post_tag","embeddable":true,"href":"https:\/\/blogs.diariovasco.com\/eljukebox\/wp-json\/wp\/v2\/tags?post=2395"}],"curies":[{"name":"wp","href":"https:\/\/api.w.org\/{rel}","templated":true}]}}