{"id":2402,"date":"2014-01-10T09:22:06","date_gmt":"2014-01-10T08:22:06","guid":{"rendered":"http:\/\/blogs.diariovasco.com\/eljukebox\/?p=2402"},"modified":"2014-01-10T09:22:06","modified_gmt":"2014-01-10T08:22:06","slug":"euskadi-ahora-mismo-en-cinco-selfies","status":"publish","type":"post","link":"https:\/\/blogs.diariovasco.com\/eljukebox\/2014\/01\/10\/euskadi-ahora-mismo-en-cinco-selfies\/","title":{"rendered":"Euskadi ahora mismo, en cinco &#039;selfies&#039;"},"content":{"rendered":"<p><strong>1) El acto de Durango como el antiproceso de Burgos.<\/strong> Si todos los organismos vivos nacen, crecen y mueren, ETA no iba a ser la excepci\u00f3n. Hace 43 a\u00f1os, en un consejo de guerra, sus militantes encarnaron ante un tribunal militar a un movimiento en expansi\u00f3n. El pasado s\u00e1bado en Durango y ante un grupo de periodistas, ofreci\u00f3 la estampa de la decrepitud. Los procesados en aquel juicio se sacrificaron en un gesto que roz\u00f3 la inmolaci\u00f3n; &#8216;Kubati&#8217; y compa\u00f1\u00eda salen ahora a la palestra en busca de los restos de sus vidas a trav\u00e9s de una especie de redenci\u00f3n que no atinan a expresar en un lenguaje inteligible porque no encuentran las palabras. Lo que hace cuatro d\u00e9cadas era vital ahora se ha convertido en ag\u00f3nico.<\/p>\n<p><strong>2) La victoria es la derrota y viceversa.<\/strong> Si en 1970 ETA convirti\u00f3 una derrota en una victoria, en 2014 el Gobierno est\u00e1 empe\u00f1ado en convertir su victoria en una derrota. Persuadido de que nada le proporcionar\u00e1 r\u00e9ditos comparables a los que ha conseguido y conseguir\u00e1 a trav\u00e9s de la pr\u00e1ctica del arte de la paciente espera, el Ejecutivo de Rajoy s\u00f3lo teme que la AVT caiga sobre su cabeza, cosa que tarde o temprano terminar\u00e1 por suceder porque en algunas ocasiones nada resulta suficiente. V\u00e9ase la conversi\u00f3n del desliz tuitero en un nuevo caso Fais\u00e1n.<\/p>\n<p><strong>3) La memoria hist\u00f3rica, ese lastre.<\/strong> Resulta cuanto menos osado validar la estrategia adoptada hace treinta a\u00f1os como la m\u00e1s acertada cuando ahora se reclama lo que mismo que se ha despreciado a golpe de bombazo durante todo ese tiempo, de Argel a Lizarra, pasando por la tregua con T-4. Si la izquierda abertzale denuncia ahora a los &#8220;enemigos de la paz&#8221; que no aceptar lo que siempre desde\u00f1\u00f3, deber\u00eda acometer simult\u00e1neamente una revisi\u00f3n cr\u00edtica del pasado, no en torno a peticiones de perd\u00f3n y arrepentimientos p\u00fablicos, sino a una cierta modestia en la formulaci\u00f3n de t\u00e1cticas y estrategias.<\/p>\n<p><strong>4) O no habr\u00e1 nada o lo capitalizar\u00e1 Urkullu.<\/strong> Pese al empe\u00f1o con el que habitualmente se emplean PSE y PP vasco en demostrarle al PNV que ellos son el interlocutor obligado en lo que respecta al Gobierno central al frente del cual unos y otros se turnan, la realidad demuestra lo contrario: el &#8216;puenteo&#8217; de los Ejecutivos de Madrid a sus sucursales pol\u00edticas vascas constituye ya pr\u00e1cticamente una modalidad de herri kirolak. Ahora mismo, lo que Rajoy vaya a hacer o incluso no hacer es algo que se cuece mano a mano con Urkullu a trav\u00e9s de las famosas &#8220;discretas gestiones&#8221;. Renunciando al papel did\u00e1ctico-explicativo ante una opini\u00f3n p\u00fablica espa\u00f1ola en la que se supone que deber\u00eda contar con un cierto cr\u00e9dito, el escaldado PP vasco se asigna un papel que oscila entre lo contemplativo y lo irrelevante.<\/p>\n<p><strong>5) Parte de bajas en una refriega a consejazo limpio.<\/strong> La izquierda abertzale, que como ha quedado dicho no se ha distinguido ni por la fineza de sus an\u00e1lisis pol\u00edticos, ni por sus conocimientos en materia de t\u00e1ctica y estrategia, persiste in\u00fatilmente en indicarle al Gobierno central cu\u00e1les son los pasos que deber\u00eda dar. Al margen del arrebato de soberbia que siempre entra\u00f1a decirle a alguien que es lo que le conviene hacer, en este caso los objetivos son contrapuestos y mutuamente excluyentes. Unos buscan &#8220;un proceso de paz ordenado&#8221;; los otros, &#8220;una paz con vencedores y vencidos&#8221;, y nada de todo esto tiene que ver con la \u00e9tica ni nada parecido, sino que se reduce a una mera cuesti\u00f3n de relaci\u00f3n de fuerzas. De hecho, el Gobierno tambi\u00e9n formula sus propias directrices a la izquierda abertzale, pero no las recomienda, sino que las impone. Sencillamente, porque puede dado que el tiempo corre de su parte.<\/p>\n<!-- AddThis Advanced Settings generic via filter on the_content --><!-- AddThis Share Buttons generic via filter on the_content -->","protected":false},"excerpt":{"rendered":"<p>1) El acto de Durango como el antiproceso de Burgos. Si todos los organismos vivos nacen, crecen y mueren, ETA no iba a ser la excepci\u00f3n. Hace 43 a\u00f1os, en un consejo de guerra, sus militantes encarnaron ante un tribunal militar a un movimiento en expansi\u00f3n. El pasado s\u00e1bado en Durango y ante un grupo [&hellip;]<!-- AddThis Advanced Settings generic via filter on get_the_excerpt --><!-- AddThis Share Buttons generic via filter on get_the_excerpt --><\/p>\n","protected":false},"author":38,"featured_media":0,"comment_status":"open","ping_status":"open","sticky":false,"template":"","format":"standard","meta":[],"categories":[4],"tags":[],"_links":{"self":[{"href":"https:\/\/blogs.diariovasco.com\/eljukebox\/wp-json\/wp\/v2\/posts\/2402"}],"collection":[{"href":"https:\/\/blogs.diariovasco.com\/eljukebox\/wp-json\/wp\/v2\/posts"}],"about":[{"href":"https:\/\/blogs.diariovasco.com\/eljukebox\/wp-json\/wp\/v2\/types\/post"}],"author":[{"embeddable":true,"href":"https:\/\/blogs.diariovasco.com\/eljukebox\/wp-json\/wp\/v2\/users\/38"}],"replies":[{"embeddable":true,"href":"https:\/\/blogs.diariovasco.com\/eljukebox\/wp-json\/wp\/v2\/comments?post=2402"}],"version-history":[{"count":0,"href":"https:\/\/blogs.diariovasco.com\/eljukebox\/wp-json\/wp\/v2\/posts\/2402\/revisions"}],"wp:attachment":[{"href":"https:\/\/blogs.diariovasco.com\/eljukebox\/wp-json\/wp\/v2\/media?parent=2402"}],"wp:term":[{"taxonomy":"category","embeddable":true,"href":"https:\/\/blogs.diariovasco.com\/eljukebox\/wp-json\/wp\/v2\/categories?post=2402"},{"taxonomy":"post_tag","embeddable":true,"href":"https:\/\/blogs.diariovasco.com\/eljukebox\/wp-json\/wp\/v2\/tags?post=2402"}],"curies":[{"name":"wp","href":"https:\/\/api.w.org\/{rel}","templated":true}]}}