{"id":2407,"date":"2014-01-17T08:57:03","date_gmt":"2014-01-17T07:57:03","guid":{"rendered":"http:\/\/blogs.diariovasco.com\/eljukebox\/?p=2407"},"modified":"2014-01-17T08:57:03","modified_gmt":"2014-01-17T07:57:03","slug":"monta-y-doma-de-nosotros-el-mundo-de-la-cultura","status":"publish","type":"post","link":"https:\/\/blogs.diariovasco.com\/eljukebox\/2014\/01\/17\/monta-y-doma-de-nosotros-el-mundo-de-la-cultura\/","title":{"rendered":"Monta y doma de &#8220;nosotros, el mundo de la cultura&#8221;"},"content":{"rendered":"<p>A pesar de los fallidos diagn\u00f3sticos proferidos a modo de mantra desde las redes sociales, quien desee comprender la perversidad intr\u00ednseca al mundo actual deber\u00e1 antender mucho antes al fen\u00f3meno de la autocensura que al de la censura. El de censor es un gremio en declive a manos del signo de los tiempos, como en su d\u00eda lo fue el de conductor de diligencias. Sucece que la autocensura es el resultado de una batalla interior y como tal invisible. No se puede filmar, representar o relatar, con lo cual,queda desprovista de toda \u00e9pica. Es m\u00e1s: la de la autocensura no es una lucha cuyo desenlace se cifre en t\u00e9rminos de triunfo o derrota, sino aqu\u00e9lla de la que se niega de forma categ\u00f3rica que haya tenido lugar.<\/p>\n<p>En el &#8216;El abogado del terror&#8217;, el director Barbet Schroeder daba voz a Jacques Verg\u00e8s, implicado de todas las formas posibles en todo tipo de atentados terroristas perpetrados en Francia, sin que la exhibici\u00f3n de la pel\u00edcula desatara en aquel pa\u00eds otros debates que los puramente formales. Qu\u00e9 decir de la danesa &#8216;The Act of Killing&#8217;, reci\u00e9n nominada al Oscar, en la que durante dos horas se presta la c\u00e1mara y el micr\u00f3fono a los perpetradores del exterminio de los comunistas indonesios, unos individuos autodenominados &#8216;g\u00e1ngsteres&#8217;, y en la que -por recurrir a la terminolog\u00eda al uso- &#8220;no se da voz a las v\u00edctimas&#8221;. Por el contrario, el director invita a los propios verdugos a encarnar ante las c\u00e1maras a sus v\u00edctimas. Todo esto, en un ambiente general de exaltaci\u00f3n de los valores cinematogr\u00e1ficos del filme, as\u00ed en Hollywood como en Espa\u00f1a.<\/p>\n<p>En contraste, cuando Aitor Merino relata que la pr\u00e1ctica totalidad de los distribuidores de Madrid se han negado, no ya a exhibir en sus salas de cine, sino a visionar en la intimidad del hogar, su pel\u00edcula &#8216;Asier ETA biok&#8217; no estamos hablando de la f\u00e9rrea censura, sino de la viscosa autocensura. Ha desaparecido por innecesaria la figura del que decid\u00eda qu\u00e9 es lo que nos conviene o no ver, sustituida por la del que ni siquiera se atreve a asomarse. Por lo tanto, no ha lugar a discursos \u00e9ticos, sino a la descripci\u00f3n del puro y simple pavor. Hablamos de una actitud semejante a la que aquel aterrorizado ciudadano que durante la dictadura dejaba caer al suelo sin leer siquiera el panfleto repartido por la calle, cuya simple posesi\u00f3n resultaba autoinculpatoria.<\/p>\n<p>Desde esta actitud, tan leg\u00edtima y comprensible como vergonzosamente postrada, resulta impresentable erigirse en ese ente autodenominado &#8220;nosotros, el mundo de la cultura&#8221;, en permanente batalla -econ\u00f3mica, por supuesto- con el \u00ednclito Wert. Por otra parte, cuando los propios distribuidores confiesan abiertamente su temor a que les llenen sus establecimientos de pintadas en el caso de que proyecten la pel\u00edcula, cabe preguntarse qu\u00e9 sentido tiene desde una perspectiva vasca la aspiraci\u00f3n a una &#8220;sociedad normalizada&#8221;, as\u00ed como d\u00f3nde qued\u00f3 el coraje que permiti\u00f3 al p\u00fablico acceder a pel\u00edculas como &#8216;Je vous salue, Marie&#8217;, de Godard, pese a las aberrantes concentraciones integristas que por aquel entonces practicaban agresivos escraches frente a las taquillas de los cines. En efecto, est\u00e1bamos hablando de&#8217;Asier ETA biok&#8217;, una pel\u00edcula sobre terrorismo, y hemos terminado hablando sobre distribuidores aterrorizados, todo un s\u00edntoma de lo que aqu\u00ed y ahora algunos entienden por cultura.<\/p>\n<!-- AddThis Advanced Settings generic via filter on the_content --><!-- AddThis Share Buttons generic via filter on the_content -->","protected":false},"excerpt":{"rendered":"<p>A pesar de los fallidos diagn\u00f3sticos proferidos a modo de mantra desde las redes sociales, quien desee comprender la perversidad intr\u00ednseca al mundo actual deber\u00e1 antender mucho antes al fen\u00f3meno de la autocensura que al de la censura. El de censor es un gremio en declive a manos del signo de los tiempos, como en [&hellip;]<!-- AddThis Advanced Settings generic via filter on get_the_excerpt --><!-- AddThis Share Buttons generic via filter on get_the_excerpt --><\/p>\n","protected":false},"author":38,"featured_media":0,"comment_status":"open","ping_status":"open","sticky":false,"template":"","format":"standard","meta":[],"categories":[4],"tags":[],"_links":{"self":[{"href":"https:\/\/blogs.diariovasco.com\/eljukebox\/wp-json\/wp\/v2\/posts\/2407"}],"collection":[{"href":"https:\/\/blogs.diariovasco.com\/eljukebox\/wp-json\/wp\/v2\/posts"}],"about":[{"href":"https:\/\/blogs.diariovasco.com\/eljukebox\/wp-json\/wp\/v2\/types\/post"}],"author":[{"embeddable":true,"href":"https:\/\/blogs.diariovasco.com\/eljukebox\/wp-json\/wp\/v2\/users\/38"}],"replies":[{"embeddable":true,"href":"https:\/\/blogs.diariovasco.com\/eljukebox\/wp-json\/wp\/v2\/comments?post=2407"}],"version-history":[{"count":0,"href":"https:\/\/blogs.diariovasco.com\/eljukebox\/wp-json\/wp\/v2\/posts\/2407\/revisions"}],"wp:attachment":[{"href":"https:\/\/blogs.diariovasco.com\/eljukebox\/wp-json\/wp\/v2\/media?parent=2407"}],"wp:term":[{"taxonomy":"category","embeddable":true,"href":"https:\/\/blogs.diariovasco.com\/eljukebox\/wp-json\/wp\/v2\/categories?post=2407"},{"taxonomy":"post_tag","embeddable":true,"href":"https:\/\/blogs.diariovasco.com\/eljukebox\/wp-json\/wp\/v2\/tags?post=2407"}],"curies":[{"name":"wp","href":"https:\/\/api.w.org\/{rel}","templated":true}]}}