{"id":243,"date":"2007-01-27T11:07:42","date_gmt":"2007-01-27T11:07:42","guid":{"rendered":"http:\/\/blogs.diariovasco.com\/eljukebox\/?p=243"},"modified":"2007-01-27T11:07:42","modified_gmt":"2007-01-27T11:07:42","slug":"hasta_cuando_esta_callado","status":"publish","type":"post","link":"https:\/\/blogs.diariovasco.com\/eljukebox\/2007\/01\/27\/hasta_cuando_esta_callado\/","title":{"rendered":"&#8230; hasta cuando est\u00e1 callado"},"content":{"rendered":"<p>Alberto Moyano<\/p>\n<p>(Viene del anterior)<\/p>\n<p>17.45<br \/>\n&#8211; Con la habitaci\u00f3n 635, por favor.<br \/>\n&#8211; Un momento.<br \/>\n(Tono de llamada)<br \/>\n&#8211; \u00bfS\u00ed?<br \/>\n&#8211; Con Pablo Milan\u00e9s, por favor.<br \/>\n&#8211; \u00bfLlama de El Diario Vasco?<br \/>\n&#8211; Pues s\u00ed.<br \/>\n&#8211; Es que Pablo no va a poder atenderle hoy. \u00bfPuede concertar otra entrevista para ma\u00f1ana?<br \/>\n&#8211; Vale. Adi\u00f3s.<\/p>\n<p>17.50<br \/>\n&#8211; \u00bfEquis? Milan\u00e9s no nos ha dado la entrevista hoy y me han dicho que acuerde otra para ma\u00f1ana.<br \/>\n&#8211; J&#8230; Bueno, vale, ahora te llamo.<\/p>\n<p>17.55:<br \/>\n&#8211; \u00bfS\u00ed? Oye, que le llames ma\u00f1ana a las seis a este hotel de Orense. Pides que te pasen con su habitaci\u00f3n.<br \/>\n&#8211; OK. Ta&#8217;luego.<\/p>\n<p>Viernes. 12.00 horas<br \/>\n&#8211; Perdona. Soy Equis. \u00bfPuedes llamar a Pablo un poco m\u00e1s tarde, digamos sobre las 18.40?<br \/>\n&#8211; Vale.<\/p>\n<p>18.40<br \/>\n&#8211; Buenas tardes. \u00bfCon la habitaci\u00f3n de Pablo Milan\u00e9s, por favor?<br \/>\n&#8211; \u00bfDe parte de qui\u00e9n?<br \/>\n&#8211; Llamo de El Diario Vasco. <br \/>\n&#8211; Un momento por favor.<br \/>\n(Minutos de espera)<br \/>\n&#8211; Disculpe. En este momento no est\u00e1. Puede llamar dentro de cinco minutos.<br \/>\n&#8211; Lo intentar\u00e9. Gracias.<\/p>\n<p>18.50<br \/>\n&#8211; Buenas tardes. \u00bfCon la habitaci\u00f3n de Pablo Milan\u00e9s, por favor?<br \/>\n&#8211; Un momento por favor.<br \/>\n(Minutos de espera)<br \/>\n&#8211; Disculpe. Que a ver si puede llamar dentro de cinco minutos.<br \/>\n&#8211; Paso. Gracias.<\/p>\n<p>18.55<br \/>\n&#8211; \u00bfEquis? Te llamo de El Diario Vasco. No hay forma de contactar con<br \/>\nMilan\u00e9s, as\u00ed que si quieres p\u00e1sale a otro medio la entrevista porque no<br \/>\nse la voy a hacer.<br \/>\n&#8211; No, espera, d\u00e9jame arreglarlo y te llamo en cinco minutos.<br \/>\n&#8211; Qu\u00e9 va. Se me ha acabado la cuerda. Lo siento. Prueba con otro.<br \/>\n&#8211; Disculpa, es que esta gente&#8230; Tienen la obligaci\u00f3n de dar las entrevistas que hemos pactado. <br \/>\n&#8211; Seguro. Oye, ya s\u00e9 que no es culpa tuya, pero es que me he cansado.<br \/>\n&#8211; \u00bfMe dejas que intente&#8230;?<br \/>\n&#8211; Que no, que no.<br \/>\n&#8211; Lo siento y gracias.<br \/>\n&#8211; A ti. Hasta la pr\u00f3xima.<\/p>\n<!-- AddThis Advanced Settings generic via filter on the_content --><!-- AddThis Share Buttons generic via filter on the_content -->","protected":false},"excerpt":{"rendered":"<p>Alberto Moyano (Viene del anterior) 17.45 &#8211; Con la habitaci\u00f3n 635, por favor. &#8211; Un momento. (Tono de llamada) &#8211; \u00bfS\u00ed? &#8211; Con Pablo Milan\u00e9s, por favor. &#8211; \u00bfLlama de El Diario Vasco? &#8211; Pues s\u00ed. &#8211; Es que Pablo no va a poder atenderle hoy. \u00bfPuede concertar otra entrevista para ma\u00f1ana? &#8211; Vale. Adi\u00f3s. [&hellip;]<!-- AddThis Advanced Settings generic via filter on get_the_excerpt --><!-- AddThis Share Buttons generic via filter on get_the_excerpt --><\/p>\n","protected":false},"author":37,"featured_media":0,"comment_status":"open","ping_status":"closed","sticky":false,"template":"","format":"standard","meta":[],"categories":[2],"tags":[5],"_links":{"self":[{"href":"https:\/\/blogs.diariovasco.com\/eljukebox\/wp-json\/wp\/v2\/posts\/243"}],"collection":[{"href":"https:\/\/blogs.diariovasco.com\/eljukebox\/wp-json\/wp\/v2\/posts"}],"about":[{"href":"https:\/\/blogs.diariovasco.com\/eljukebox\/wp-json\/wp\/v2\/types\/post"}],"author":[{"embeddable":true,"href":"https:\/\/blogs.diariovasco.com\/eljukebox\/wp-json\/wp\/v2\/users\/37"}],"replies":[{"embeddable":true,"href":"https:\/\/blogs.diariovasco.com\/eljukebox\/wp-json\/wp\/v2\/comments?post=243"}],"version-history":[{"count":0,"href":"https:\/\/blogs.diariovasco.com\/eljukebox\/wp-json\/wp\/v2\/posts\/243\/revisions"}],"wp:attachment":[{"href":"https:\/\/blogs.diariovasco.com\/eljukebox\/wp-json\/wp\/v2\/media?parent=243"}],"wp:term":[{"taxonomy":"category","embeddable":true,"href":"https:\/\/blogs.diariovasco.com\/eljukebox\/wp-json\/wp\/v2\/categories?post=243"},{"taxonomy":"post_tag","embeddable":true,"href":"https:\/\/blogs.diariovasco.com\/eljukebox\/wp-json\/wp\/v2\/tags?post=243"}],"curies":[{"name":"wp","href":"https:\/\/api.w.org\/{rel}","templated":true}]}}