{"id":246,"date":"2007-01-31T16:23:04","date_gmt":"2007-01-31T16:23:04","guid":{"rendered":"http:\/\/blogs.diariovasco.com\/eljukebox\/?p=246"},"modified":"2007-01-31T16:23:04","modified_gmt":"2007-01-31T16:23:04","slug":"subvencion_por_compasion","status":"publish","type":"post","link":"https:\/\/blogs.diariovasco.com\/eljukebox\/2007\/01\/31\/subvencion_por_compasion\/","title":{"rendered":"Subvenci\u00f3n por compasi\u00f3n"},"content":{"rendered":"<p><P>Alberto Moyano<\/P><br \/>\n<P>La extendida sensaci\u00f3n de que los cineastas espa\u00f1oles son una cuadrilla de rojos que se dedica a dilapidar subvenciones en fastuosas cuchipandas para luego firmar pel\u00edculas de medio pelo sobrevol\u00f3 anoche el programa &#8216;Enfoques&#8217; de La 2.<\/P><br \/>\n<P>La ministra de Cultura, Carmen Calvo, y el periodista digital Iv\u00e1n Reguera monopolizaron el debate. Inspirada en la par\u00e1bola evang\u00e9lica de la siembra y los granos que caen en bald\u00edo, en la cuneta y tambi\u00e9n en tierra f\u00e9rtil, la primera defendi\u00f3 las ayudas generalizadas a la creaci\u00f3n cinematogr\u00e1fica con la esperanza de que mil &#8216;torrentes&#8217; terminen por ofrecer un &#8216;Ciudadano Kane&#8217;. El segundo, por su parte, se subi\u00f3 al caballo neoliberal y dijo que en su nombre no. Y fue tanta su insistencia en poner a &#8216;Ja me maaten&#8217; como ejemplo de pel\u00edcula deleznable y subvencionada que los presentes se vieron obligados a preguntarle si estaba haciendo publicidad del bodrio.<\/P><br \/>\n<P>Por su parte, el presidente de la Asociaci\u00f3n de Productores Audiovisuales Espa\u00f1oles, Pedro P\u00e9rez, y el director Fernando Trueba hicieron de alegres comparsas, salpicando de interesantes comentarios el enfrentamiento entre la ministra y el periodista. <\/P><br \/>\n<P>As\u00ed, Carmen Calvo insist\u00eda en recordar en la cultura, al igual que en la ciencia, hace falta pegar mil tiros al aire antes de cobrarse una buena pieza, mientras Reguero miraba a la ministra con expresi\u00f3n de &#8220;a tus pesta\u00f1as les falta car\u00e1cter&#8221;. Si el periodista preguntaba a la ministra c\u00f3mo pod\u00eda tener el valor de obligar a las televisiones a destinar una parte de sus beneficios a la producci\u00f3n cinematogr\u00e1fica nacional, \u00e9sta respond\u00eda que no era una decisi\u00f3n del Gobierno sino una normativa europea. Y as\u00ed todo el rato.<\/P><br \/>\n<P>Al final, las llamadas recibidas en el programa indicaban que un 78% de los espectadores rechaza las subvenciones, frente a un 22% que las defiende. Y eso que la cosa se fue equilibrando porque en distintos momentos del programa la votaci\u00f3n estuvo a\u00fan mucho m\u00e1s desequilibrada.<\/P><\/p>\n<!-- AddThis Advanced Settings generic via filter on the_content --><!-- AddThis Share Buttons generic via filter on the_content -->","protected":false},"excerpt":{"rendered":"<p>Alberto Moyano La extendida sensaci\u00f3n de que los cineastas espa\u00f1oles son una cuadrilla de rojos que se dedica a dilapidar subvenciones en fastuosas cuchipandas para luego firmar pel\u00edculas de medio pelo sobrevol\u00f3 anoche el programa &#8216;Enfoques&#8217; de La 2. La ministra de Cultura, Carmen Calvo, y el periodista digital Iv\u00e1n Reguera monopolizaron el debate. Inspirada [&hellip;]<!-- AddThis Advanced Settings generic via filter on get_the_excerpt --><!-- AddThis Share Buttons generic via filter on get_the_excerpt --><\/p>\n","protected":false},"author":37,"featured_media":0,"comment_status":"open","ping_status":"closed","sticky":false,"template":"","format":"standard","meta":[],"categories":[2],"tags":[5],"_links":{"self":[{"href":"https:\/\/blogs.diariovasco.com\/eljukebox\/wp-json\/wp\/v2\/posts\/246"}],"collection":[{"href":"https:\/\/blogs.diariovasco.com\/eljukebox\/wp-json\/wp\/v2\/posts"}],"about":[{"href":"https:\/\/blogs.diariovasco.com\/eljukebox\/wp-json\/wp\/v2\/types\/post"}],"author":[{"embeddable":true,"href":"https:\/\/blogs.diariovasco.com\/eljukebox\/wp-json\/wp\/v2\/users\/37"}],"replies":[{"embeddable":true,"href":"https:\/\/blogs.diariovasco.com\/eljukebox\/wp-json\/wp\/v2\/comments?post=246"}],"version-history":[{"count":0,"href":"https:\/\/blogs.diariovasco.com\/eljukebox\/wp-json\/wp\/v2\/posts\/246\/revisions"}],"wp:attachment":[{"href":"https:\/\/blogs.diariovasco.com\/eljukebox\/wp-json\/wp\/v2\/media?parent=246"}],"wp:term":[{"taxonomy":"category","embeddable":true,"href":"https:\/\/blogs.diariovasco.com\/eljukebox\/wp-json\/wp\/v2\/categories?post=246"},{"taxonomy":"post_tag","embeddable":true,"href":"https:\/\/blogs.diariovasco.com\/eljukebox\/wp-json\/wp\/v2\/tags?post=246"}],"curies":[{"name":"wp","href":"https:\/\/api.w.org\/{rel}","templated":true}]}}