{"id":247,"date":"2007-02-01T12:14:35","date_gmt":"2007-02-01T12:14:35","guid":{"rendered":"http:\/\/blogs.diariovasco.com\/eljukebox\/?p=247"},"modified":"2007-02-01T12:14:35","modified_gmt":"2007-02-01T12:14:35","slug":"losantos_y_el_santoral","status":"publish","type":"post","link":"https:\/\/blogs.diariovasco.com\/eljukebox\/2007\/02\/01\/losantos_y_el_santoral\/","title":{"rendered":"Losantos y el santoral"},"content":{"rendered":"<p>Alberto Moyano<\/p>\n<p>Extraordinaria secuencia de entrevistas la que organiz\u00f3 anoche Jes\u00fas<br \/>\nQuintero en su programa de TVE1. Tras arrancar con Ana Garc\u00eda Obreg\u00f3n y<br \/>\ncontinuar con Federico Jim\u00e9nez Losantos, cerr\u00f3 con el cantautor<br \/>\nnicarang\u00fcense Carlos Mej\u00eda Godoy y el escritor Antonio Gala.<br \/>\nCentr\u00e9monos en los dos primeros. Queda la duda de si compareci\u00f3 en el<br \/>\nprograma la propia Obreg\u00f3n, una impostora entregada a la parodia o es<br \/>\nque no hay diferencias entre la una y la otra. Tras recitar un santoral<br \/>\nen el que Logro\u00f1o rimaba con co\u00f1o y Eramo con orgasmo, la bi\u00f3loga<br \/>\ntuneada en pechos, labios y p\u00f3mulos lanz\u00f3 una bater\u00eda de preguntas &#8211;en<br \/>\ncastellano e ingl\u00e9s&#8211; a Victoria Beckham, a invitaci\u00f3n del mal\u00e9volo<br \/>\nQuintero, todo sea dicho. Y remiti\u00f3 a todos aquellos que la consideran,<br \/>\nsimplemente, al catedr\u00e1tico de gen\u00e9tica, \u00abque siempre me pon\u00eda<br \/>\nmatr\u00edcula de honor y sobresaliente\u00bb. Y que por razones de edad estar\u00e1<br \/>\ndescansando en paz hace tiempo, si las matem\u00e1ticas no fallan. <br \/>\nJim\u00e9nez Losantos, por su parte, relat\u00f3 su trillada trayectoria del<br \/>\nPartido Comunista a la derecha liberal (\u00bf?), com\u00fan a la de tantos otros<br \/>\ny por eso mismo, mucho menos interesante que la contraria, ilustrada<br \/>\npor Jorge Vestringe, ex ultraderecha, ex &#8216;n\u00famero dos&#8217; de Fraga y actual<br \/>\n\u00bfsocialdem\u00f3crata? \u00bfprogresista? \u00bfantiglobalizador?. El campe\u00f3n de la<br \/>\nCope relat\u00f3 su secuestro hace un par de d\u00e9cadas a manos de Terra<br \/>\nLliure, que se sald\u00f3 con un disparo en la pierna, y glos\u00f3 la figura de<br \/>\nsu mentor radiof\u00f3nico, el difunto Antonio Herrero. \u00abCuando Antonio<br \/>\nmuri\u00f3, se encontraba en una posici\u00f3n muy dif\u00edcil porque se hab\u00eda<br \/>\npeleado con todos, con el PSOE y con Aznar\u00bb. <br \/>\n\u00bfCon todos ? No, porque una peque\u00f1a aldea en el Mediterr\u00e1neo manten\u00eda<br \/>\nintacta su fidelidad. Concretamente, Marbella, y m\u00e1s concretamente, el<br \/>\nGIL de Jes\u00fas Gil. Visto lo visto, hubiera sido interesante preguntar a<br \/>\nJim\u00e9nez Losantos por las extra\u00f1as lealtades de aquella \u00abfuerza de la<br \/>\nnaturaleza\u00bb que, al parecer, fue Herrero.<br \/>\nLa entrevista concluy\u00f3 con un par de garrotazos a Alberto<br \/>\nRuiz-Gallard\u00f3n y Baltasar Garz\u00f3n, dos de las bestias negras del locutor<br \/>\nde la Cope, que volvi\u00f3 a definirse como no creyente.<\/p>\n<p><\/p>\n<!-- AddThis Advanced Settings generic via filter on the_content --><!-- AddThis Share Buttons generic via filter on the_content -->","protected":false},"excerpt":{"rendered":"<p>Alberto Moyano Extraordinaria secuencia de entrevistas la que organiz\u00f3 anoche Jes\u00fas Quintero en su programa de TVE1. Tras arrancar con Ana Garc\u00eda Obreg\u00f3n y continuar con Federico Jim\u00e9nez Losantos, cerr\u00f3 con el cantautor nicarang\u00fcense Carlos Mej\u00eda Godoy y el escritor Antonio Gala. Centr\u00e9monos en los dos primeros. Queda la duda de si compareci\u00f3 en el [&hellip;]<!-- AddThis Advanced Settings generic via filter on get_the_excerpt --><!-- AddThis Share Buttons generic via filter on get_the_excerpt --><\/p>\n","protected":false},"author":37,"featured_media":0,"comment_status":"open","ping_status":"closed","sticky":false,"template":"","format":"standard","meta":[],"categories":[2],"tags":[5],"_links":{"self":[{"href":"https:\/\/blogs.diariovasco.com\/eljukebox\/wp-json\/wp\/v2\/posts\/247"}],"collection":[{"href":"https:\/\/blogs.diariovasco.com\/eljukebox\/wp-json\/wp\/v2\/posts"}],"about":[{"href":"https:\/\/blogs.diariovasco.com\/eljukebox\/wp-json\/wp\/v2\/types\/post"}],"author":[{"embeddable":true,"href":"https:\/\/blogs.diariovasco.com\/eljukebox\/wp-json\/wp\/v2\/users\/37"}],"replies":[{"embeddable":true,"href":"https:\/\/blogs.diariovasco.com\/eljukebox\/wp-json\/wp\/v2\/comments?post=247"}],"version-history":[{"count":0,"href":"https:\/\/blogs.diariovasco.com\/eljukebox\/wp-json\/wp\/v2\/posts\/247\/revisions"}],"wp:attachment":[{"href":"https:\/\/blogs.diariovasco.com\/eljukebox\/wp-json\/wp\/v2\/media?parent=247"}],"wp:term":[{"taxonomy":"category","embeddable":true,"href":"https:\/\/blogs.diariovasco.com\/eljukebox\/wp-json\/wp\/v2\/categories?post=247"},{"taxonomy":"post_tag","embeddable":true,"href":"https:\/\/blogs.diariovasco.com\/eljukebox\/wp-json\/wp\/v2\/tags?post=247"}],"curies":[{"name":"wp","href":"https:\/\/api.w.org\/{rel}","templated":true}]}}