{"id":249,"date":"2007-02-05T18:54:14","date_gmt":"2007-02-05T18:54:14","guid":{"rendered":"http:\/\/blogs.diariovasco.com\/eljukebox\/?p=249"},"modified":"2007-02-05T18:54:14","modified_gmt":"2007-02-05T18:54:14","slug":"dios_salve_el_victoria_eugenia","status":"publish","type":"post","link":"https:\/\/blogs.diariovasco.com\/eljukebox\/2007\/02\/05\/dios_salve_el_victoria_eugenia\/","title":{"rendered":"Dios salve el Victoria Eugenia"},"content":{"rendered":"<p>Alberto Moyano<\/p>\n<p>La reapertura del Teatro Victoria Eugenia el pr\u00f3ximo 1 de marzo despu\u00e9s<br \/>\nde seis a\u00f1os en boxes es la gran noticia de la primavera cultural<br \/>\nguipuzcoana. Un proyecto, que en principio no parec\u00eda presentar mayores<br \/>\ncomplicaciones, se enfang\u00f3 durante mucho tiempo en la habitual mara\u00f1a<br \/>\nde proyectos, contraproyectos y anexos al proyecto original hasta<br \/>\ndisparar los plazos y el presupuesto.<br \/>\nPasada la tormenta, el edificio luce ahora por dentro y por fuera. Y la<br \/>\nprogramaci\u00f3n inaugural es razonablemente atractiva, plural y, sobre<br \/>\ntodo, densa. Lo m\u00e1s discutible es la decisi\u00f3n, forzada o no por las<br \/>\ncircunstancias, de renunciar a una gran gala de apertura. Por de<br \/>\npronto, esta gala hubiera garantizado la cobertura y la presencia<br \/>\nmedi\u00e1tica que el en\u00e9simo pase de la estupenda obra de Tanttaka<br \/>\n&#8216;Paradero desconocido&#8217; s\u00f3lo conseguir\u00e1 en el caso de que se desplome la<br \/>\ntramoya.<br \/>\nAl final, quiz\u00e1s haciendo de la necesidad virtud, los responsables<br \/>\nmunicipales dicen que con esta bater\u00eda de espect\u00e1culos a precios de<br \/>\nrisa se pretende restar solemnidad a la inauguraci\u00f3n para as\u00ed conseguir<br \/>\nque el mayor n\u00famero de ciudadanos posible se anime a conocer cuanto<br \/>\nantes el recinto. Es la teor\u00eda de la intimidaci\u00f3n, seg\u00fan la cual, tan<br \/>\nimponente edificio asusta al ciudadano. Suele aplicarse tambi\u00e9n a las<br \/>\nlibrer\u00edas para justificar los stans callejeros que cada a\u00f1o fracasan en<br \/>\nla Feria del Libro. Una teor\u00eda interesante.<br \/>\nCon todo, el salpic\u00f3n a base nombres de impacto y artistas locales que<br \/>\nconforman la programaci\u00f3n se hubiese redondeado con un par de<br \/>\n&#8216;bombazos&#8217; bien calculados. \u00a1Hombre, que es la temporada inaugural!<br \/>\nPues no ha podido ser. No importa. El Victoria Eugenia reabierto supone<br \/>\nm\u00e1s recintos y m\u00e1s recintos suponen m\u00e1s espect\u00e1culos. Tarde o temprano,<br \/>\ny m\u00e1s con el alto ritmo de actuaciones que se le pretende imprimir,<br \/>\ntodos acabaremos pasando por all\u00ed. O, al menos, eso se pretende.<\/p>\n<p><\/p>\n<!-- AddThis Advanced Settings generic via filter on the_content --><!-- AddThis Share Buttons generic via filter on the_content -->","protected":false},"excerpt":{"rendered":"<p>Alberto Moyano La reapertura del Teatro Victoria Eugenia el pr\u00f3ximo 1 de marzo despu\u00e9s de seis a\u00f1os en boxes es la gran noticia de la primavera cultural guipuzcoana. Un proyecto, que en principio no parec\u00eda presentar mayores complicaciones, se enfang\u00f3 durante mucho tiempo en la habitual mara\u00f1a de proyectos, contraproyectos y anexos al proyecto original [&hellip;]<!-- AddThis Advanced Settings generic via filter on get_the_excerpt --><!-- AddThis Share Buttons generic via filter on get_the_excerpt --><\/p>\n","protected":false},"author":37,"featured_media":0,"comment_status":"open","ping_status":"closed","sticky":false,"template":"","format":"standard","meta":[],"categories":[2],"tags":[5],"_links":{"self":[{"href":"https:\/\/blogs.diariovasco.com\/eljukebox\/wp-json\/wp\/v2\/posts\/249"}],"collection":[{"href":"https:\/\/blogs.diariovasco.com\/eljukebox\/wp-json\/wp\/v2\/posts"}],"about":[{"href":"https:\/\/blogs.diariovasco.com\/eljukebox\/wp-json\/wp\/v2\/types\/post"}],"author":[{"embeddable":true,"href":"https:\/\/blogs.diariovasco.com\/eljukebox\/wp-json\/wp\/v2\/users\/37"}],"replies":[{"embeddable":true,"href":"https:\/\/blogs.diariovasco.com\/eljukebox\/wp-json\/wp\/v2\/comments?post=249"}],"version-history":[{"count":0,"href":"https:\/\/blogs.diariovasco.com\/eljukebox\/wp-json\/wp\/v2\/posts\/249\/revisions"}],"wp:attachment":[{"href":"https:\/\/blogs.diariovasco.com\/eljukebox\/wp-json\/wp\/v2\/media?parent=249"}],"wp:term":[{"taxonomy":"category","embeddable":true,"href":"https:\/\/blogs.diariovasco.com\/eljukebox\/wp-json\/wp\/v2\/categories?post=249"},{"taxonomy":"post_tag","embeddable":true,"href":"https:\/\/blogs.diariovasco.com\/eljukebox\/wp-json\/wp\/v2\/tags?post=249"}],"curies":[{"name":"wp","href":"https:\/\/api.w.org\/{rel}","templated":true}]}}