{"id":250,"date":"2007-02-06T17:09:56","date_gmt":"2007-02-06T17:09:56","guid":{"rendered":"http:\/\/blogs.diariovasco.com\/eljukebox\/?p=250"},"modified":"2007-02-06T17:09:56","modified_gmt":"2007-02-06T17:09:56","slug":"las_fotografias_de_de_juana","status":"publish","type":"post","link":"https:\/\/blogs.diariovasco.com\/eljukebox\/2007\/02\/06\/las_fotografias_de_de_juana\/","title":{"rendered":"Las fotograf\u00edas de De Juana"},"content":{"rendered":"<p>Alberto Moyano<\/p>\n<p>La aparici\u00f3n de las fotograf\u00edas de I\u00f1aki de Juana amarrado a la cama<br \/>\ndel hospital Doce de Octubre y alimentado por sonda nasog\u00e1strica<br \/>\ndespu\u00e9s de tres meses de huelga de hambre ha abierto un debate, trucado<br \/>\nhasta las cachas, sobre la conveniencia o no de publicar este tipo de<br \/>\nmateriales. Vaya por delante que fotograf\u00edas casi id\u00e9nticas ya<br \/>\naparecieron en la prensa de \u00e1mbito nacional hace diecisiete a\u00f1os, con<br \/>\nmotivo de la huelga de hambre llevada a cabo por&nbsp; los grapo. Por<br \/>\ncierto, que en aquella protesta falleci\u00f3 Manuel Sevillano, condenado<br \/>\npor atraco y sin delitos de sangre, y nadie dijo ni m\u00fa. Ni sobre la<br \/>\nhuelga, ni sobre las fotos. <br \/>\nVolviendo al caso De Juana, los participantes en la tertulia de Cuatro<br \/>\ndiscrepaban a mediod\u00eda levemente y finalmente coincid\u00edan en que las<br \/>\nfotograf\u00edas son material period\u00edstico, aunque abogaban por un texto y<br \/>\nun contexto diferente al que ha dado &#8216;The Times&#8217; a la noticia, en lo<br \/>\nque de hecho constituye una apuesta por la manipulaci\u00f3n benigna.<br \/>\nJim\u00e9nez Losantos re\u00f1\u00eda a Pedro J. Ram\u00edrez por publicar la foto del<br \/>\netarra en primera p\u00e1gina mientras que el Gobierno se instalaba en el<br \/>\nabsurdo al realizar un llamamiento general para \u00abno convertir en<br \/>\nnoticia, en m\u00e1s noticia, lo que todos deseamos que no lo sea\u00bb. <br \/>\nSubyacen en este debate, no los argumentos de corte humanitario, sino<br \/>\nsencillamente la pol\u00e9mica cuesti\u00f3n de si hay que contribuir o no a<br \/>\ndifundir la propaganda del &#8216;enemigo&#8217;. La bater\u00eda de preguntas puede<br \/>\nampliarse: \u00bfHab\u00eda que publicar las fotograf\u00edas de la c\u00e1rcel de Abu<br \/>\nGraib? \u00bfDeben emitirse las im\u00e1genes de ataques a\u00e9reos tomadas desde los<br \/>\npropios cazas? \u00bfSon reproducibles de las grabaciones pre y<br \/>\npost-ejecuci\u00f3n de Sadam?&nbsp; En un mundo perfecto, se podr\u00eda discutir<br \/>\nhoras y horas sobre el tema. En el mundo real, tal debate carece de<br \/>\nsentido. Todo los que se fotograf\u00eda y se graba se acaba difundiendo, si<br \/>\nhay alguien interesado en que as\u00ed sea. De hecho, la conexi\u00f3n &#8216;m\u00f3vil con<br \/>\nc\u00e1mara-internet&#8217; ha vuelto por completo imposible el control de las<br \/>\nim\u00e1genes. <br \/>\nAhora, eso s\u00ed, cabe preguntarse qu\u00e9 hubiera pasado en el caso de que<br \/>\nunas fotograf\u00edas semejantes, pero referidas a alg\u00fan asunto extranjero,<br \/>\nhubieran llegado a manos de la prensa espa\u00f1ola. Pongamos, por ejemplo,<br \/>\nde un c\u00e1rcel turca. \u00bfHubiese habido debate? \u00bfEn qu\u00e9 t\u00e9rminos?<\/p>\n<p><\/p>\n<!-- AddThis Advanced Settings generic via filter on the_content --><!-- AddThis Share Buttons generic via filter on the_content -->","protected":false},"excerpt":{"rendered":"<p>Alberto Moyano La aparici\u00f3n de las fotograf\u00edas de I\u00f1aki de Juana amarrado a la cama del hospital Doce de Octubre y alimentado por sonda nasog\u00e1strica despu\u00e9s de tres meses de huelga de hambre ha abierto un debate, trucado hasta las cachas, sobre la conveniencia o no de publicar este tipo de materiales. Vaya por delante [&hellip;]<!-- AddThis Advanced Settings generic via filter on get_the_excerpt --><!-- AddThis Share Buttons generic via filter on get_the_excerpt --><\/p>\n","protected":false},"author":37,"featured_media":0,"comment_status":"open","ping_status":"closed","sticky":false,"template":"","format":"standard","meta":[],"categories":[2],"tags":[5],"_links":{"self":[{"href":"https:\/\/blogs.diariovasco.com\/eljukebox\/wp-json\/wp\/v2\/posts\/250"}],"collection":[{"href":"https:\/\/blogs.diariovasco.com\/eljukebox\/wp-json\/wp\/v2\/posts"}],"about":[{"href":"https:\/\/blogs.diariovasco.com\/eljukebox\/wp-json\/wp\/v2\/types\/post"}],"author":[{"embeddable":true,"href":"https:\/\/blogs.diariovasco.com\/eljukebox\/wp-json\/wp\/v2\/users\/37"}],"replies":[{"embeddable":true,"href":"https:\/\/blogs.diariovasco.com\/eljukebox\/wp-json\/wp\/v2\/comments?post=250"}],"version-history":[{"count":0,"href":"https:\/\/blogs.diariovasco.com\/eljukebox\/wp-json\/wp\/v2\/posts\/250\/revisions"}],"wp:attachment":[{"href":"https:\/\/blogs.diariovasco.com\/eljukebox\/wp-json\/wp\/v2\/media?parent=250"}],"wp:term":[{"taxonomy":"category","embeddable":true,"href":"https:\/\/blogs.diariovasco.com\/eljukebox\/wp-json\/wp\/v2\/categories?post=250"},{"taxonomy":"post_tag","embeddable":true,"href":"https:\/\/blogs.diariovasco.com\/eljukebox\/wp-json\/wp\/v2\/tags?post=250"}],"curies":[{"name":"wp","href":"https:\/\/api.w.org\/{rel}","templated":true}]}}