{"id":2524,"date":"2014-07-11T09:15:19","date_gmt":"2014-07-11T08:15:19","guid":{"rendered":"http:\/\/blogs.diariovasco.com\/eljukebox\/?p=2524"},"modified":"2014-07-11T09:15:19","modified_gmt":"2014-07-11T08:15:19","slug":"sistemico-antisemitismo","status":"publish","type":"post","link":"https:\/\/blogs.diariovasco.com\/eljukebox\/2014\/07\/11\/sistemico-antisemitismo\/","title":{"rendered":"Sist\u00e9mico antisemitismo"},"content":{"rendered":"<p>Por supuesto, no toda cr\u00edtica a Israel incurre en el antisemitismo. Pero al igual que hay una \u2018casta pol\u00edtica\u2019, existe otra \u2018casta moral\u2019, que opera en funci\u00f3n de criterios estrictamente ideol\u00f3gicos, con una \u00e9tica a la carta, que aparece y desaparece para desatar la indignaci\u00f3n a conveniencia.<\/p>\n<p>De menor a mayor, sorprende la frivolidad de quienes sostienen que el conflicto vasco es muy complejo, tanto que desde fuera no se entiende, y que en cualquier caso, hay que escuchar a todas las partes, para a continuaci\u00f3n despachar el conflicto de Oriente Medio en tandas de 140 caracteres enlazadas a espeluznantes im\u00e1genes, tantas veces, rescatadas del archivo.<\/p>\n<p>No existe territorio m\u00e1s ocupado que el cuerpo de una mujer palestina, ni franja m\u00e1s estrecha que el esp\u00edritu femenino cercenado por la imposici\u00f3n violenta de las supersticiones de Al\u00e1 y los seguidores de Mahoma. De la situaci\u00f3n de los homosexuales, mejor ni hablamos. Eso es antisemitismo, en su forma m\u00e1s curiosa cuando se da entre los mejores progresistas.<\/p>\n<p>Tambi\u00e9n causa perplejidad la laxitud moral aplicada a los recientes acontecimientos registrados en Ucrania, en donde puestos a elegir entre la UE y Mosc\u00fa, la \u2018casta \u00e9tica\u2019 no dud\u00f3 en alinearse con Putin, el mismo que dej\u00f3 Chechenia convertida en un erial sin que nadie mencionara que los rusos estaban haciendo con este pueblo cauc\u00e1sico lo mismo que los nazis hicieron con los sovi\u00e9ticos. Por agravio comparativo, eso es antisemitismo.<\/p>\n<p>Como tambi\u00e9n lo es olvidar que Israel es el \u00fanico estado del mundo a cuya existencia han jurado poner fin la variopinta fauna de s\u00e1trapas que ha florecido por la zona desde 1947 y a\u00fan antes. No hay dirigente \u00e1rabe que, en caso de apuro, no haya arremetido contra Israel, el enemigo com\u00fan, antes de emprenderla contra su propio pueblo en unos t\u00e9rminos b\u00e9licos a los que jam\u00e1s ha recurrido este pa\u00eds. Masacre sin cuento en Libia, gaseamiento de kurdos en Irak,\u00a0\u00a0 30.000 muertos y 300.000 desplazados en Siria, un pa\u00eds que s\u00f3lo preocupa en lo que se refiere al estatus de los Altos del Gol\u00e1n.\u00a0 Por supuesto, ninguna menci\u00f3n a Hitler. Eso es antisemitismo.<\/p>\n<p>Todo el mundo sabe que Ariel Sharon fue el general que permiti\u00f3 las matanzas de Sabra y Chatila. Ya son menos\u00a0 los que est\u00e1n al tanto de que los ejecutores fueron las milicias libanesas de cristianos maronitas, a los que jam\u00e1s se compar\u00f3, ni equipar\u00f3 con el III Reich. Del nombre del responsable directo de la masacre, mejor ni hablamos. En aquel caso, al Ej\u00e9rcito israel\u00ed le cabe el dudoso honor de haberse comportado con la misma pasividad con la que a\u00f1os despu\u00e9s las fuerzas holandesas encargadas de proteger Srebrenica contenmplaron la matanza de bosnios. No obstante, Sharon luci\u00f3 en el imaginario popular un bigotito hitleriano; a nadie se le ocurri\u00f3 comparar a los holandeses con Hitler. Otra vez por agravio comparativo, esa fascinaci\u00f3n es antisemitismo.<\/p>\n<p>Cuando interesadamente se silencia que el Muro que divide de forma sangrante Cisjordania se construy\u00f3 con los materiales vendidos por empresarios palestinos y que desde su construcci\u00f3n los atentados suicidas contra civiles israel\u00eds han pasado de uno a la semana a uno al a\u00f1o es antisemitismo, m\u00e1s a\u00fan a la luz de las tragaderas de los ciudadanos occidentales a la hora de aceptar toda clase de recortes en materia de derechos civiles y de sacrificar su libertad individual en el altar de la seguridad, todo a ra\u00edz de un magno atentado perpetrado hace tres lustros.<\/p>\n<p>Cuando se vinculan las actuaciones del Ej\u00e9rcito israel\u00ed al aprendizaje recibido a manos de las SS se soslaya que m\u00e1s bien fueron los palestinos los alumnos aventajados: ya en los a\u00f1os cuarenta, fue el muft\u00ed de Jerusal\u00e9n, al-Husayni, instalado en Berl\u00edn, quien rog\u00f3, suplic\u00f3 e implor\u00f3 a Himmler que instalara c\u00e1maras de gas en Palestina para la eliminaci\u00f3n masiva de jud\u00edos o, en su defecto, exterminara \u2018in situ\u2019 a los 400.000 jud\u00edos alemanes que Berl\u00edn pensaba deportar. En esta \u00faltima aspiraci\u00f3n, sus plegarias fueron atendidas y los 400.000 jud\u00edos alemanes, reducidos a cenizas. No obstante, jam\u00e1s ver\u00e1s vinculadas las palabras \u2018nazi\u2019 y \u2018palestino\u2019.<\/p>\n<p>Antisemitismo es obviar que Israel se desanexion\u00f3 Gaza a cambio de nada, tan s\u00f3lo de la promesa de no agresi\u00f3n y que ni tan siquiera eso fue capaz de cumplir la autoridad palestina sobre el terreno, es decir, los iluminados de Hamas.\u00a0 Ning\u00fan pa\u00eds \u00e1rabe quiso saber nada de los palestinos, que Egipto siempre ha rechazado hacerse cargo de Gaza y que si la franja es \u00abla mayor c\u00e1rcel al aire libre del mundo\u00bb, lo es porque el encargado de mantener cerrada una de sus puertas es El Cairo, con Sadat y sin Sadat, con Mubarak y sin Mubarak. 30.000 palestinos cruzan a diarios los dos pasos fronterizos de Gaza para ir a trabajar a Israel, un drama f\u00e1cilmente evitable si Egipto se ocupara de abrir su muro y proporcionarles empleo.<\/p>\n<p>Antisemitismo es exhibir la divisi\u00f3n al 50% del territorio del antiguo Mandato Brit\u00e1nico de Palestina aprobado por las Naciones Unidas, silenciando que Israel acept\u00f3 su parte, mientras que los palestinos no, azuzados por los pa\u00edses \u00e1rabes, que prometieron echar\u00a0 a los jud\u00edos al mar. El estado de Israel se proclam\u00f3 el 14 de mayo de 1948. El 15 de mayo cinco pa\u00edses \u00e1rabes le declararon la guerra y trataron de invadirlo.\u00a0 Desde entonces, no ha conocido un respiro.<\/p>\n<p>Dicho todo lo cual, ojal\u00e1 Israel se salga cuanto antes de la espiral de violencia, iniciada una vez m\u00e1s por los extremistas isl\u00e1micos, y encuentre un interlocutor desprovisto de impulsos liberticidas con el que firmar un paz duradera. Pero convengamos en que ser\u00e1 dif\u00edcil mientras\u00a0 al otro lado de la mesa se siente, por un lado, unos que han sentido el pavor del v\u00e9rtigo a la paz cada vez que la han acariciado, la mitad de ellos, corrompidos hastaz el tu\u00e9tano, y por otro, alguien que se niega a reconocer tu existencia y, simult\u00e1neamente, jura destruirte.<\/p>\n<!-- AddThis Advanced Settings generic via filter on the_content --><!-- AddThis Share Buttons generic via filter on the_content -->","protected":false},"excerpt":{"rendered":"<p>Por supuesto, no toda cr\u00edtica a Israel incurre en el antisemitismo. Pero al igual que hay una \u2018casta pol\u00edtica\u2019, existe otra \u2018casta moral\u2019, que opera en funci\u00f3n de criterios estrictamente ideol\u00f3gicos, con una \u00e9tica a la carta, que aparece y desaparece para desatar la indignaci\u00f3n a conveniencia. De menor a mayor, sorprende la frivolidad de [&hellip;]<!-- AddThis Advanced Settings generic via filter on get_the_excerpt --><!-- AddThis Share Buttons generic via filter on get_the_excerpt --><\/p>\n","protected":false},"author":38,"featured_media":0,"comment_status":"open","ping_status":"closed","sticky":false,"template":"","format":"standard","meta":[],"categories":[4],"tags":[],"_links":{"self":[{"href":"https:\/\/blogs.diariovasco.com\/eljukebox\/wp-json\/wp\/v2\/posts\/2524"}],"collection":[{"href":"https:\/\/blogs.diariovasco.com\/eljukebox\/wp-json\/wp\/v2\/posts"}],"about":[{"href":"https:\/\/blogs.diariovasco.com\/eljukebox\/wp-json\/wp\/v2\/types\/post"}],"author":[{"embeddable":true,"href":"https:\/\/blogs.diariovasco.com\/eljukebox\/wp-json\/wp\/v2\/users\/38"}],"replies":[{"embeddable":true,"href":"https:\/\/blogs.diariovasco.com\/eljukebox\/wp-json\/wp\/v2\/comments?post=2524"}],"version-history":[{"count":0,"href":"https:\/\/blogs.diariovasco.com\/eljukebox\/wp-json\/wp\/v2\/posts\/2524\/revisions"}],"wp:attachment":[{"href":"https:\/\/blogs.diariovasco.com\/eljukebox\/wp-json\/wp\/v2\/media?parent=2524"}],"wp:term":[{"taxonomy":"category","embeddable":true,"href":"https:\/\/blogs.diariovasco.com\/eljukebox\/wp-json\/wp\/v2\/categories?post=2524"},{"taxonomy":"post_tag","embeddable":true,"href":"https:\/\/blogs.diariovasco.com\/eljukebox\/wp-json\/wp\/v2\/tags?post=2524"}],"curies":[{"name":"wp","href":"https:\/\/api.w.org\/{rel}","templated":true}]}}