{"id":254,"date":"2007-02-12T17:03:49","date_gmt":"2007-02-12T17:03:49","guid":{"rendered":"http:\/\/blogs.diariovasco.com\/eljukebox\/?p=254"},"modified":"2007-02-12T17:03:49","modified_gmt":"2007-02-12T17:03:49","slug":"carne_para_roma","status":"publish","type":"post","link":"https:\/\/blogs.diariovasco.com\/eljukebox\/2007\/02\/12\/carne_para_roma\/","title":{"rendered":"Carne para Roma"},"content":{"rendered":"<p>Alberto Moyano<\/p>\n<p>Dice hoy Diego Gal\u00e1n en el art\u00edculo &#8216;Talentos bajo la nieve&#8217; publicado<br \/>\npor &#8216;El Pa\u00eds&#8217; que \u00abel festival de Berl\u00edn quiere merendarse al de<br \/>\nCannes\u00bb, aunque de&nbsp; inmediato se\u00f1ala que el certamen alem\u00e1n \u00aba\u00fan<br \/>\nest\u00e1 lejos de conseguir una capacidad de convocatoria similar a la del<br \/>\nfranc\u00e9s y, si me apuran, una programaci\u00f3n tan atractiva\u00bb. <br \/>\nEs cierto. Programados a principios&nbsp; (Berl\u00edn) y a mediados de a\u00f1\u00f1o<br \/>\n(Cannes), los dos festivales acaparan buena parte de la producci\u00f3n<br \/>\ncinematogr\u00e1fica anual susceptible de competir en un certamen y a pesar<br \/>\nde que para actores y directores la experiencia es equiparable \u00aba una<br \/>\ncolonoscopia\u00bb (David Mamet dixit), los productores apuestan por la<br \/>\ninfinita publicidad que conllevan estos dos cert\u00e1menes, campeones de la<br \/>\nrepercusi\u00f3n mundial en materia de estrenos. Y en lo que al Zinemaldi<br \/>\nrespecta, la Mostra de Venecia remata la faena acaparadora. <br \/>\nPrecisamente, en previsi\u00f3n de que alg\u00fan otro festival, pongamos el de<br \/>\nRoma, intente merendarse al donostiarra, se comenta que los<br \/>\nresponsables de Zinemaldi han abierto un periodo de reflexi\u00f3n que<br \/>\nculminar\u00e1 con una bater\u00eda de iniciativas a presentar p\u00fablicamente a<br \/>\nfinales de este mes. Y es que a juicio de algunos resonsables<br \/>\ninstitucionales, las \u00faltimas ediciones ha dejado que desear, no tanto<br \/>\nen lo referente a la calidad de los filmes a concurso, como en cuanto a<br \/>\nglamour y visitas ilustres. Lo que vulgarmente se conoce como<br \/>\nrepercusi\u00f3n medi\u00e1tica.<br \/>\nHasta ahora, en materia de invitados el Festival los restringe a: 1)<br \/>\nactores y directores que traigan pel\u00edculas al Festival y 2) artistas<br \/>\nque vayan a recibir el Premio Donosti. Digan lo que digan, los<br \/>\nincentivos econ\u00f3micos est\u00e1n incluidos a la hora de persuadir a las<br \/>\nestrellas. Ahora habr\u00e1 novedades y lo mismo hasta funcionan. De todas<br \/>\nformas y desde la certeza de que las comparaciones son odiosas, cuando<br \/>\nuno oye hablar de \u00abcambiar viejos modelos, \u00fatiles sin duda en el<br \/>\npasado, pero obsoletos en el presente y no digamos en el futuro\u00bb, el<br \/>\nprimer referente que surge es aquella Real de los noventa. Y, claro,<br \/>\nviendo c\u00f3mo va a culminar en breve aquel proceso, se echa a temblar.<\/p>\n<p><\/p>\n<!-- AddThis Advanced Settings generic via filter on the_content --><!-- AddThis Share Buttons generic via filter on the_content -->","protected":false},"excerpt":{"rendered":"<p>Alberto Moyano Dice hoy Diego Gal\u00e1n en el art\u00edculo &#8216;Talentos bajo la nieve&#8217; publicado por &#8216;El Pa\u00eds&#8217; que \u00abel festival de Berl\u00edn quiere merendarse al de Cannes\u00bb, aunque de&nbsp; inmediato se\u00f1ala que el certamen alem\u00e1n \u00aba\u00fan est\u00e1 lejos de conseguir una capacidad de convocatoria similar a la del franc\u00e9s y, si me apuran, una programaci\u00f3n [&hellip;]<!-- AddThis Advanced Settings generic via filter on get_the_excerpt --><!-- AddThis Share Buttons generic via filter on get_the_excerpt --><\/p>\n","protected":false},"author":37,"featured_media":0,"comment_status":"open","ping_status":"closed","sticky":false,"template":"","format":"standard","meta":[],"categories":[2],"tags":[5],"_links":{"self":[{"href":"https:\/\/blogs.diariovasco.com\/eljukebox\/wp-json\/wp\/v2\/posts\/254"}],"collection":[{"href":"https:\/\/blogs.diariovasco.com\/eljukebox\/wp-json\/wp\/v2\/posts"}],"about":[{"href":"https:\/\/blogs.diariovasco.com\/eljukebox\/wp-json\/wp\/v2\/types\/post"}],"author":[{"embeddable":true,"href":"https:\/\/blogs.diariovasco.com\/eljukebox\/wp-json\/wp\/v2\/users\/37"}],"replies":[{"embeddable":true,"href":"https:\/\/blogs.diariovasco.com\/eljukebox\/wp-json\/wp\/v2\/comments?post=254"}],"version-history":[{"count":0,"href":"https:\/\/blogs.diariovasco.com\/eljukebox\/wp-json\/wp\/v2\/posts\/254\/revisions"}],"wp:attachment":[{"href":"https:\/\/blogs.diariovasco.com\/eljukebox\/wp-json\/wp\/v2\/media?parent=254"}],"wp:term":[{"taxonomy":"category","embeddable":true,"href":"https:\/\/blogs.diariovasco.com\/eljukebox\/wp-json\/wp\/v2\/categories?post=254"},{"taxonomy":"post_tag","embeddable":true,"href":"https:\/\/blogs.diariovasco.com\/eljukebox\/wp-json\/wp\/v2\/tags?post=254"}],"curies":[{"name":"wp","href":"https:\/\/api.w.org\/{rel}","templated":true}]}}