{"id":255,"date":"2007-02-13T15:46:52","date_gmt":"2007-02-13T15:46:52","guid":{"rendered":"http:\/\/blogs.diariovasco.com\/eljukebox\/?p=255"},"modified":"2007-02-13T15:46:52","modified_gmt":"2007-02-13T15:46:52","slug":"sobre_arco_y_arqueros","status":"publish","type":"post","link":"https:\/\/blogs.diariovasco.com\/eljukebox\/2007\/02\/13\/sobre_arco_y_arqueros\/","title":{"rendered":"Sobre Arco y arqueros"},"content":{"rendered":"<p>Alberto Moyano<\/p>\n<p>Ma\u00f1ana abre sus puertas Arco, la feria de arte contempor\u00e1neo que<br \/>\npervive entre la confusi\u00f3n y el malentendido. Condenados a exponer para<br \/>\nlo \u00faltimo en clases medias y para la misma burgues\u00eda hiperreaccionaria<br \/>\nque en Navidades visita el rastrillo ben\u00e9fico, los artistas acuden a<br \/>\nlos pabellones 7 y 9 del Ifema convencidos todose ellos de que en cada<br \/>\nuna de sus obras anida lo revolucionario.<br \/>\nDice la nueva directora del evento, Lourdes Fern\u00e1ndez, que \u00abhay una<br \/>\nabsoluta falta de debate en el arte contempor\u00e1neo\u00bb y a\u00f1ade que \u00abel<br \/>\nproblema de este pa\u00eds es que no hay cr\u00edtica\u00bb. Y tiene raz\u00f3n. De hecho,<br \/>\nno hay cr\u00edtica porque resulta innecesaria. En \u00faltima instancia, ha sido<br \/>\nsustituida por la ovaci\u00f3n, una forma de opini\u00f3n a la que hace tiempo<br \/>\nque se adhirieron los m\u00e1s espabilados aspirantes a cr\u00edticos. Si es el<br \/>\npropio autor quien establece qu\u00e9 es y qu\u00e9 no es arte &#8211;por ejemplo, un<br \/>\nv\u00e1ter es arte porque as\u00ed lo presenta el artista&#8211;, es imposible ir un<br \/>\npaso m\u00e1s all\u00e1 y aclarar qu\u00e9 es bueno y qu\u00e9 es malo. El debate,<br \/>\ncompletamente est\u00e9ril, se sustituye y simplifica a trav\u00e9s del mercado,<br \/>\naut\u00e9ntico dios que \u00abno s\u00f3lo valida econ\u00f3micamente\u00bb, sino que tambi\u00e9n<br \/>\n\u00abda un estatus al artista\u00bb. Traducido al cristiano, esto quiere decir<br \/>\nque los cuadros de Vincent Van Gogh fueron irrelevantes en su \u00e9poca &#8211;en<br \/>\nla que el pintor s\u00f3lo consigui\u00f3 vender una obra y fue a su hermano&#8211;,<br \/>\npor m\u00e1s que a d\u00eda de hoy pulvericen r\u00e9cords en Sotheby&#8217;s.<br \/>\nY es precisamente ese factor, el mercado, el que da sentido a Arco. \u00abLa<br \/>\nferia ya est\u00e1 vendida\u00bb, asegura Lourdes Fern\u00e1ndez y, francamente, ante<br \/>\nlos datos sobran los argumentos. Ahora, la \u00fanica incertidumbre estriba<br \/>\nen saber qu\u00e9 obra retirar\u00e1 la se\u00f1ora de la limpieza por la ma\u00f1ana, en<br \/>\nla creencia de que es basura, aspiraci\u00f3n inconfesable de tanto creador,<br \/>\npor cuanto no hay mejor publicidad a la hora de destacar en tama\u00f1o<br \/>\npotaje art\u00edstico.<\/p>\n<!-- AddThis Advanced Settings generic via filter on the_content --><!-- AddThis Share Buttons generic via filter on the_content -->","protected":false},"excerpt":{"rendered":"<p>Alberto Moyano Ma\u00f1ana abre sus puertas Arco, la feria de arte contempor\u00e1neo que pervive entre la confusi\u00f3n y el malentendido. Condenados a exponer para lo \u00faltimo en clases medias y para la misma burgues\u00eda hiperreaccionaria que en Navidades visita el rastrillo ben\u00e9fico, los artistas acuden a los pabellones 7 y 9 del Ifema convencidos todose [&hellip;]<!-- AddThis Advanced Settings generic via filter on get_the_excerpt --><!-- AddThis Share Buttons generic via filter on get_the_excerpt --><\/p>\n","protected":false},"author":37,"featured_media":0,"comment_status":"open","ping_status":"closed","sticky":false,"template":"","format":"standard","meta":[],"categories":[2],"tags":[5],"_links":{"self":[{"href":"https:\/\/blogs.diariovasco.com\/eljukebox\/wp-json\/wp\/v2\/posts\/255"}],"collection":[{"href":"https:\/\/blogs.diariovasco.com\/eljukebox\/wp-json\/wp\/v2\/posts"}],"about":[{"href":"https:\/\/blogs.diariovasco.com\/eljukebox\/wp-json\/wp\/v2\/types\/post"}],"author":[{"embeddable":true,"href":"https:\/\/blogs.diariovasco.com\/eljukebox\/wp-json\/wp\/v2\/users\/37"}],"replies":[{"embeddable":true,"href":"https:\/\/blogs.diariovasco.com\/eljukebox\/wp-json\/wp\/v2\/comments?post=255"}],"version-history":[{"count":0,"href":"https:\/\/blogs.diariovasco.com\/eljukebox\/wp-json\/wp\/v2\/posts\/255\/revisions"}],"wp:attachment":[{"href":"https:\/\/blogs.diariovasco.com\/eljukebox\/wp-json\/wp\/v2\/media?parent=255"}],"wp:term":[{"taxonomy":"category","embeddable":true,"href":"https:\/\/blogs.diariovasco.com\/eljukebox\/wp-json\/wp\/v2\/categories?post=255"},{"taxonomy":"post_tag","embeddable":true,"href":"https:\/\/blogs.diariovasco.com\/eljukebox\/wp-json\/wp\/v2\/tags?post=255"}],"curies":[{"name":"wp","href":"https:\/\/api.w.org\/{rel}","templated":true}]}}