{"id":256,"date":"2007-02-14T15:48:04","date_gmt":"2007-02-14T15:48:04","guid":{"rendered":"http:\/\/blogs.diariovasco.com\/eljukebox\/?p=256"},"modified":"2007-02-14T15:48:04","modified_gmt":"2007-02-14T15:48:04","slug":"lo_que_vale_un_peine","status":"publish","type":"post","link":"https:\/\/blogs.diariovasco.com\/eljukebox\/2007\/02\/14\/lo_que_vale_un_peine\/","title":{"rendered":"Lo que vale un Peine"},"content":{"rendered":"<p>Alberto Moyano<\/p>\n<p>No debe resultar sencillo hacerle tres piercings a la roca. El Peine de<br \/>\nlos Vientos cumple treinta a\u00f1os de su no inauguraci\u00f3n. Un escultor, un<br \/>\narquitecto y un ingeniero, amparados parad\u00f3jicamente por un alcalde del<br \/>\nfranquismo, realizaron esta obra que escapa a las categor\u00edas y de la<br \/>\nque, con toda propiedad y como en pocos casos, se puede decir que es<br \/>\narte para el pueblo.<br \/>\nD\u00e9cadas despu\u00e9s, se intent\u00f3 repetir la jugada con la &#8216;Construcci\u00f3n<br \/>\nvac\u00eda&#8217; de Jorge Oteiza, que contin\u00faa fracasando frente al Peine, al<br \/>\notro lado de la bah\u00eda. Desde el Ayuntamiento donostiarra se asegur\u00f3 que<br \/>\nla idea era que las dos esculturas entablaran un di\u00e1logo y tal, del que<br \/>\na d\u00eda de hoy, no se tiene noticia. \u00ab\u00bfY a vosotros os gusta eso\u00bb?,<br \/>\npreguntaba el hermano de Oteiza, estupefacto, el d\u00eda que visit\u00f3 la<br \/>\n&#8216;Construcci\u00f3n vac\u00eda&#8217;, originalmente una miniatura elevada a lo<br \/>\ndescomunal por el mismo artista que iba sentenciando por ah\u00ed con<br \/>\naquello de \u00abpa\u00eds de monumentos, pa\u00eds de enanos\u00bb.<br \/>\nEl caso es que con motivo de los treinta a\u00f1os de la instalaci\u00f3n de los<br \/>\n&#8216;peines&#8217; y de su apertura al p\u00fablico, el Museo Chillida-Leku y las<br \/>\ninstituciones han tratado de coordinar una programaci\u00f3n conmemorativa<br \/>\nque hoy se ha presentado en el Museo de Zabalaga. Al acto han acudido<br \/>\nlas fuerzas vivas y algunos miembros de las instituciones, en<br \/>\nrepresentaci\u00f3n de sus jefes, que se hab\u00edan marchado a Madrid para<br \/>\nvisitar Arco. Incluso estaba el presidente de la Real al que,<br \/>\ncuriosamente, todo el mundo parec\u00eda saludar con efusividad y, en<br \/>\nalgunos casos, incluso afecto. <br \/>\nLa inauguraci\u00f3n que nunca fue se celebrar\u00e1 el 16 de septiembre. Antes,<br \/>\nunas cuantas exposiciones homenajearan el proceso y el resultado de<br \/>\naquella osad\u00eda escult\u00f3rica que, no lo olvidemos, fue recibida con<br \/>\npol\u00e9mica donostiarra basada en \u00abpues yo, la verdad es que no entiendo<br \/>\nesos hierros\u00bb.<\/p>\n<p><\/p>\n<!-- AddThis Advanced Settings generic via filter on the_content --><!-- AddThis Share Buttons generic via filter on the_content -->","protected":false},"excerpt":{"rendered":"<p>Alberto Moyano No debe resultar sencillo hacerle tres piercings a la roca. El Peine de los Vientos cumple treinta a\u00f1os de su no inauguraci\u00f3n. Un escultor, un arquitecto y un ingeniero, amparados parad\u00f3jicamente por un alcalde del franquismo, realizaron esta obra que escapa a las categor\u00edas y de la que, con toda propiedad y como [&hellip;]<!-- AddThis Advanced Settings generic via filter on get_the_excerpt --><!-- AddThis Share Buttons generic via filter on get_the_excerpt --><\/p>\n","protected":false},"author":37,"featured_media":0,"comment_status":"open","ping_status":"closed","sticky":false,"template":"","format":"standard","meta":[],"categories":[2],"tags":[5],"_links":{"self":[{"href":"https:\/\/blogs.diariovasco.com\/eljukebox\/wp-json\/wp\/v2\/posts\/256"}],"collection":[{"href":"https:\/\/blogs.diariovasco.com\/eljukebox\/wp-json\/wp\/v2\/posts"}],"about":[{"href":"https:\/\/blogs.diariovasco.com\/eljukebox\/wp-json\/wp\/v2\/types\/post"}],"author":[{"embeddable":true,"href":"https:\/\/blogs.diariovasco.com\/eljukebox\/wp-json\/wp\/v2\/users\/37"}],"replies":[{"embeddable":true,"href":"https:\/\/blogs.diariovasco.com\/eljukebox\/wp-json\/wp\/v2\/comments?post=256"}],"version-history":[{"count":0,"href":"https:\/\/blogs.diariovasco.com\/eljukebox\/wp-json\/wp\/v2\/posts\/256\/revisions"}],"wp:attachment":[{"href":"https:\/\/blogs.diariovasco.com\/eljukebox\/wp-json\/wp\/v2\/media?parent=256"}],"wp:term":[{"taxonomy":"category","embeddable":true,"href":"https:\/\/blogs.diariovasco.com\/eljukebox\/wp-json\/wp\/v2\/categories?post=256"},{"taxonomy":"post_tag","embeddable":true,"href":"https:\/\/blogs.diariovasco.com\/eljukebox\/wp-json\/wp\/v2\/tags?post=256"}],"curies":[{"name":"wp","href":"https:\/\/api.w.org\/{rel}","templated":true}]}}