{"id":257,"date":"2007-02-15T11:45:26","date_gmt":"2007-02-15T11:45:26","guid":{"rendered":"http:\/\/blogs.diariovasco.com\/eljukebox\/?p=257"},"modified":"2007-02-15T11:45:26","modified_gmt":"2007-02-15T11:45:26","slug":"goticas_en_el_plato","status":"publish","type":"post","link":"https:\/\/blogs.diariovasco.com\/eljukebox\/2007\/02\/15\/goticas_en_el_plato\/","title":{"rendered":"G\u00f3ticas en el plat\u00f3"},"content":{"rendered":"<p>Alberto Moyano<\/p>\n<p>Tres j\u00f3venes g\u00f3ticas ataviadas con las que se suponen que son sus<br \/>\nmejores galas charlaron anoche sobre esta est\u00e9tica en &#8216;La s\u00e9ptima<br \/>\npuerta&#8217; del programa de Teledonosti &#8216;El camarote de los Marx&#8217;. <br \/>\nEn un ambiente carnavalero, en el que la presentadora iba de bailarina<br \/>\ndel Moulin Rouge, el colaborador-animador, de Ob\u00e9lix, y \u00c1lvaro Bermejo<br \/>\nde s\u00ed mismo pese a las invitaciones que le lanzaron para que se<br \/>\ndisfrazara de vampiro, las chicas g\u00f3ticas ilustraron a la perfecci\u00f3n<br \/>\nese fen\u00f3meno conocido como el fin de las ideolog\u00edas. <br \/>\nDado el tono habitual del programa, Bermejo se esforz\u00f3 por dotar de<br \/>\nalg\u00fan contenido ideol\u00f3gico a tanto gotismo juvenil. Fue in\u00fatil.<br \/>\n\u00bfVampiros? Para nada. \u00bfProfanaci\u00f3n de tumbas? Cuatro desalmados que nos<br \/>\ndan mala fama a los dem\u00e1s. \u00bfSociedades secretas? \u00bfSimpat\u00eda por el<br \/>\ndiablo? \u00bfGusto por lo macabro? Silencio. La \u00fanica que se explay\u00f3 sobre<br \/>\nla palidez, las ojeras y el aspecto enfermizo que se le suponen al<br \/>\nrom\u00e1ntico del siglo XVIII luc\u00eda un aspecto rebosante de salud por los<br \/>\ncuatro costados. Las j\u00f3venes miraban imp\u00e1vidas a los presentadores, con<br \/>\ncara de \u00abhemos venido aqu\u00ed a hablar de moda\u00bb. <br \/>\nY claro que hablaron. Una de ellas explic\u00f3 c\u00f3mo hab\u00eda tenido que<br \/>\nencargar en Bilbao un traje de importaci\u00f3n japon\u00e9s a base de<br \/>\npuntillitas. \u00abEs gotic-lolita\u00bb, asegur\u00f3 la ninfa bajo varias capas de<br \/>\nmaquillaje, pese a que tanto Humbert Humbert como Edgar Allan Poe<br \/>\nhubiesen huido despavoridos de la criatura. Las g\u00f3ticas, que se<br \/>\nautodenominaron a s\u00ed mismas como cucarachas, no aportaron gran<br \/>\ncontenido ideol\u00f3gico a su opci\u00f3n est\u00e9tica, pero realizaron un<br \/>\nexhaustivo repaso a los bares y boutiques del ramo que existen en<br \/>\nGipuzkoa. En el aspecto musical, se decantaron por grupos infantiles,<br \/>\ntipo Placebo, y denostaron a Marilyn Manson. Por lila.&nbsp; <\/p>\n<!-- AddThis Advanced Settings generic via filter on the_content --><!-- AddThis Share Buttons generic via filter on the_content -->","protected":false},"excerpt":{"rendered":"<p>Alberto Moyano Tres j\u00f3venes g\u00f3ticas ataviadas con las que se suponen que son sus mejores galas charlaron anoche sobre esta est\u00e9tica en &#8216;La s\u00e9ptima puerta&#8217; del programa de Teledonosti &#8216;El camarote de los Marx&#8217;. En un ambiente carnavalero, en el que la presentadora iba de bailarina del Moulin Rouge, el colaborador-animador, de Ob\u00e9lix, y \u00c1lvaro [&hellip;]<!-- AddThis Advanced Settings generic via filter on get_the_excerpt --><!-- AddThis Share Buttons generic via filter on get_the_excerpt --><\/p>\n","protected":false},"author":37,"featured_media":0,"comment_status":"open","ping_status":"closed","sticky":false,"template":"","format":"standard","meta":[],"categories":[2],"tags":[5],"_links":{"self":[{"href":"https:\/\/blogs.diariovasco.com\/eljukebox\/wp-json\/wp\/v2\/posts\/257"}],"collection":[{"href":"https:\/\/blogs.diariovasco.com\/eljukebox\/wp-json\/wp\/v2\/posts"}],"about":[{"href":"https:\/\/blogs.diariovasco.com\/eljukebox\/wp-json\/wp\/v2\/types\/post"}],"author":[{"embeddable":true,"href":"https:\/\/blogs.diariovasco.com\/eljukebox\/wp-json\/wp\/v2\/users\/37"}],"replies":[{"embeddable":true,"href":"https:\/\/blogs.diariovasco.com\/eljukebox\/wp-json\/wp\/v2\/comments?post=257"}],"version-history":[{"count":0,"href":"https:\/\/blogs.diariovasco.com\/eljukebox\/wp-json\/wp\/v2\/posts\/257\/revisions"}],"wp:attachment":[{"href":"https:\/\/blogs.diariovasco.com\/eljukebox\/wp-json\/wp\/v2\/media?parent=257"}],"wp:term":[{"taxonomy":"category","embeddable":true,"href":"https:\/\/blogs.diariovasco.com\/eljukebox\/wp-json\/wp\/v2\/categories?post=257"},{"taxonomy":"post_tag","embeddable":true,"href":"https:\/\/blogs.diariovasco.com\/eljukebox\/wp-json\/wp\/v2\/tags?post=257"}],"curies":[{"name":"wp","href":"https:\/\/api.w.org\/{rel}","templated":true}]}}