{"id":258,"date":"2007-02-15T19:23:31","date_gmt":"2007-02-15T19:23:31","guid":{"rendered":"http:\/\/blogs.diariovasco.com\/eljukebox\/?p=258"},"modified":"2007-02-15T19:23:31","modified_gmt":"2007-02-15T19:23:31","slug":"praileaitz_i_el_afeitado_perfecto","status":"publish","type":"post","link":"https:\/\/blogs.diariovasco.com\/eljukebox\/2007\/02\/15\/praileaitz_i_el_afeitado_perfecto\/","title":{"rendered":"Praileaitz I, el afeitado perfecto"},"content":{"rendered":"<p>Alberto Moyano<\/p>\n<p>La cueva Praileaitz I, en la que se han encontrado objetos y pinturas<br \/>\nde hasta 18.000 a\u00f1os de antig\u00fcedad y sobre la que planea la sospecha de<br \/>\nque sirvi\u00f3 para pr\u00e1cticas cham\u00e1nicas, est\u00e1 en peligro. O, bueno, no.<br \/>\nDepende de quien lo cuente.<br \/>\nEl colectivo Praileaitzen Lagunak, formado por un grupo de artistas e<br \/>\nintelectuales, aseguran que la explotaci\u00f3n de la cantera de Sasiola, a<br \/>\nbase de detonaciones, amenaza la supervivencia de la cueva. La<br \/>\nDiputaci\u00f3n, por el contrario, garantiza que cueva y cantera son<br \/>\ncompatibles. <br \/>\nLo cierto es que se hab\u00eda anunciado la destrucci\u00f3n de una cavidad<br \/>\nperteneciente a Praileaitz I, cuando una inspecci\u00f3n espeleol\u00f3gica y<br \/>\narqueol\u00f3gica hab\u00eda demostrado que no hay conexi\u00f3n entre ambas y<br \/>\ndescartado la existencia de patrimonio arqueol\u00f3gico en la primera. En<br \/>\ncuanto a las explosiones, Diputaci\u00f3n pedir\u00e1 al Gobierno Vasco que<br \/>\nampl\u00ede de cien a 150 metros la distancia m\u00ednima entre las voladuras y<br \/>\nla entrada de la cueva. Y en este punto, los autores del estudio de la<br \/>\nDiputaci\u00f3n empiezan a hablar de explosivos y esto parece el sumario del<br \/>\n11-M. \u00abCon las t\u00e9cnicas avanzadas que hay hoy en d\u00eda se podr\u00edan hacer<br \/>\nexplosiones amortiguadas con detonadores el\u00e9ctricos hasta 75-100 metros<br \/>\nde distancia de la cueva. Y a una distancia de entre 50 y 75 metros se<br \/>\npodr\u00eda usar una miner\u00eda blanda\u00bb. Y si ellos lo dicen&#8230;<br \/>\nLo que tambi\u00e9n es cierto que basta echar un vistazo a la fotograf\u00eda<br \/>\na\u00e9rea de la zona para que al menos una cosa quede clara y es que la<br \/>\nempresa encargada de extraer la piedra caliza de la cantera,<br \/>\nConstrucciones Amen\u00e1bar, va a tener que apurar mucho y con mucho<br \/>\ncuidado las distancias porque el hecho es que la cantera s\u00f3lo tiene un<br \/>\ndesarrollo posible y es, precisamente, en direcci\u00f3n a la cueva. La<br \/>\npregunta es \u00bfdurante cu\u00e1nto tiempo ser\u00e1 posible mantener la<br \/>\nexplotaci\u00f3n? Dicho de otra forma: a ver si va a resultar que esto s\u00f3lo<br \/>\nacaba de empezar.<\/p>\n<!-- AddThis Advanced Settings generic via filter on the_content --><!-- AddThis Share Buttons generic via filter on the_content -->","protected":false},"excerpt":{"rendered":"<p>Alberto Moyano La cueva Praileaitz I, en la que se han encontrado objetos y pinturas de hasta 18.000 a\u00f1os de antig\u00fcedad y sobre la que planea la sospecha de que sirvi\u00f3 para pr\u00e1cticas cham\u00e1nicas, est\u00e1 en peligro. O, bueno, no. Depende de quien lo cuente. El colectivo Praileaitzen Lagunak, formado por un grupo de artistas [&hellip;]<!-- AddThis Advanced Settings generic via filter on get_the_excerpt --><!-- AddThis Share Buttons generic via filter on get_the_excerpt --><\/p>\n","protected":false},"author":37,"featured_media":0,"comment_status":"open","ping_status":"closed","sticky":false,"template":"","format":"standard","meta":[],"categories":[2],"tags":[5],"_links":{"self":[{"href":"https:\/\/blogs.diariovasco.com\/eljukebox\/wp-json\/wp\/v2\/posts\/258"}],"collection":[{"href":"https:\/\/blogs.diariovasco.com\/eljukebox\/wp-json\/wp\/v2\/posts"}],"about":[{"href":"https:\/\/blogs.diariovasco.com\/eljukebox\/wp-json\/wp\/v2\/types\/post"}],"author":[{"embeddable":true,"href":"https:\/\/blogs.diariovasco.com\/eljukebox\/wp-json\/wp\/v2\/users\/37"}],"replies":[{"embeddable":true,"href":"https:\/\/blogs.diariovasco.com\/eljukebox\/wp-json\/wp\/v2\/comments?post=258"}],"version-history":[{"count":0,"href":"https:\/\/blogs.diariovasco.com\/eljukebox\/wp-json\/wp\/v2\/posts\/258\/revisions"}],"wp:attachment":[{"href":"https:\/\/blogs.diariovasco.com\/eljukebox\/wp-json\/wp\/v2\/media?parent=258"}],"wp:term":[{"taxonomy":"category","embeddable":true,"href":"https:\/\/blogs.diariovasco.com\/eljukebox\/wp-json\/wp\/v2\/categories?post=258"},{"taxonomy":"post_tag","embeddable":true,"href":"https:\/\/blogs.diariovasco.com\/eljukebox\/wp-json\/wp\/v2\/tags?post=258"}],"curies":[{"name":"wp","href":"https:\/\/api.w.org\/{rel}","templated":true}]}}