{"id":260,"date":"2007-02-17T19:45:37","date_gmt":"2007-02-17T19:45:37","guid":{"rendered":"http:\/\/blogs.diariovasco.com\/eljukebox\/?p=260"},"modified":"2007-02-17T19:45:37","modified_gmt":"2007-02-17T19:45:37","slug":"fuentes_analisis_del_texto","status":"publish","type":"post","link":"https:\/\/blogs.diariovasco.com\/eljukebox\/2007\/02\/17\/fuentes_analisis_del_texto\/","title":{"rendered":"Fuentes: an\u00e1lisis del texto"},"content":{"rendered":"<p>Alberto Moyano<\/p>\n<p>En la esperanza de que nunca tenga lugar, bien porque la Real se ha<br \/>\nsalvado, bien porque la directiva ya ha desaparecido para entonces, el<br \/>\npresidente del club blanquiazul emplaza en un mensaje a los socios,<br \/>\naccionistas y seguidores en general a aplazar hasta mejor ocasi\u00f3n el<br \/>\ndebate sobre lo que se ha hecho bien y lo que se ha hecho mal.<br \/>\nEl escrito, en el que Fuentes homenaje sin pudor a ZP con un \u00ablargo,<br \/>\nduro y dif\u00edcil\u00bb, juega con la infinita credulidad de la hinchada<br \/>\nrealista, evidenciada en la propia votaci\u00f3n que hace unos a\u00f1os le<br \/>\nconvirti\u00f3 en presidente, y que contin\u00faa ah\u00ed, agazapada, m\u00e1s viva y<br \/>\nperniciosa que nunca, a pesar de tantos mensajes negativos que a menudo<br \/>\nparecen formulados como un mero sortilegio, buscando que su sola<br \/>\nenunciaci\u00f3n conjure el peligro, en este caso, el descenso a Segunda.<br \/>\nEl texto de Fuentes &#8211;en rigor, un vulgar escaqueo&#8211;, deja en el alero<br \/>\nuna cuesti\u00f3n: si despu\u00e9s de cambiar de presidente y directiva,<br \/>\nentrenadores, directores deportivos, delanteros, centrocampistas,<br \/>\ndefensas, porteros y entrenadores de porteros, el saldo se parece<br \/>\nb\u00e1rbaramente a un estrepitoso fracaso, \u00bfcu\u00e1l es el problema?<br \/>\n&nbsp;La conclusi\u00f3n, por desasosegante que sea, resulta ineludible: el \u00fanico<br \/>\nestamenteo del club que permanece b\u00e1sicamente inalterable es la<br \/>\nafici\u00f3n, constituida en Sociedad An\u00f3nima y encarnada en un accionariado<br \/>\nque se erige responsable \u00faltimo del desaguisado, pero que para<br \/>\ndisimular, grita, gesticula, hace aspavientos, pide dimisiones y exige<br \/>\nresponsabilidades al m\u00e1ximo nivel.<br \/>\nMientras tanto, la prensa proclama: \u00abmientras hay vida hay esperanza\u00bb y<br \/>\ncontin\u00faa haciendo n\u00fameros y n\u00fameros, igual que la Orquesta del<br \/>\n&#8216;Titanic&#8217; tocaba y tocaba, mientras el transatl\u00e1ntico se hund\u00eda.<\/p>\n<p><\/p>\n<!-- AddThis Advanced Settings generic via filter on the_content --><!-- AddThis Share Buttons generic via filter on the_content -->","protected":false},"excerpt":{"rendered":"<p>Alberto Moyano En la esperanza de que nunca tenga lugar, bien porque la Real se ha salvado, bien porque la directiva ya ha desaparecido para entonces, el presidente del club blanquiazul emplaza en un mensaje a los socios, accionistas y seguidores en general a aplazar hasta mejor ocasi\u00f3n el debate sobre lo que se ha [&hellip;]<!-- AddThis Advanced Settings generic via filter on get_the_excerpt --><!-- AddThis Share Buttons generic via filter on get_the_excerpt --><\/p>\n","protected":false},"author":37,"featured_media":0,"comment_status":"open","ping_status":"closed","sticky":false,"template":"","format":"standard","meta":[],"categories":[2],"tags":[5],"_links":{"self":[{"href":"https:\/\/blogs.diariovasco.com\/eljukebox\/wp-json\/wp\/v2\/posts\/260"}],"collection":[{"href":"https:\/\/blogs.diariovasco.com\/eljukebox\/wp-json\/wp\/v2\/posts"}],"about":[{"href":"https:\/\/blogs.diariovasco.com\/eljukebox\/wp-json\/wp\/v2\/types\/post"}],"author":[{"embeddable":true,"href":"https:\/\/blogs.diariovasco.com\/eljukebox\/wp-json\/wp\/v2\/users\/37"}],"replies":[{"embeddable":true,"href":"https:\/\/blogs.diariovasco.com\/eljukebox\/wp-json\/wp\/v2\/comments?post=260"}],"version-history":[{"count":0,"href":"https:\/\/blogs.diariovasco.com\/eljukebox\/wp-json\/wp\/v2\/posts\/260\/revisions"}],"wp:attachment":[{"href":"https:\/\/blogs.diariovasco.com\/eljukebox\/wp-json\/wp\/v2\/media?parent=260"}],"wp:term":[{"taxonomy":"category","embeddable":true,"href":"https:\/\/blogs.diariovasco.com\/eljukebox\/wp-json\/wp\/v2\/categories?post=260"},{"taxonomy":"post_tag","embeddable":true,"href":"https:\/\/blogs.diariovasco.com\/eljukebox\/wp-json\/wp\/v2\/tags?post=260"}],"curies":[{"name":"wp","href":"https:\/\/api.w.org\/{rel}","templated":true}]}}