{"id":271,"date":"2007-03-01T10:44:11","date_gmt":"2007-03-01T10:44:11","guid":{"rendered":"http:\/\/blogs.diariovasco.com\/eljukebox\/?p=271"},"modified":"2007-03-01T10:44:11","modified_gmt":"2007-03-01T10:44:11","slug":"patrimonio_modesto_una_historia_de_amor_","status":"publish","type":"post","link":"https:\/\/blogs.diariovasco.com\/eljukebox\/2007\/03\/01\/patrimonio_modesto_una_historia_de_amor_\/","title":{"rendered":"Patrimonio Modesto: una historia de amor (I)"},"content":{"rendered":"<p>Alberto Moyano<\/p>\n<p>Patrimonio Modesto naci\u00f3 en un pueblo de Gipuzkoa y desde muy pronto,<br \/>\nsu saber estar, natural gracejo y porte euskose\u00f1orial le hicieron<br \/>\nganarse el afecto de sus conciudadanos. Durante los a\u00f1os de mocedad,<br \/>\nPatrimonio Modesto se forj\u00f3 en el respeto a las tradiciones y el amor a<br \/>\nla patria, sustanci\u00e1ndose este \u00faltimo en largas estancias intra muros<br \/>\ndel batzoki. Con el correr del tiempo, su popularidad se acrecent\u00f3<br \/>\nentre la ciudadan\u00eda, hasta el punto de que su elecci\u00f3n como alcalde de<br \/>\nla localidad pareci\u00f3 de lo m\u00e1s natural.<br \/>\nTras una gesti\u00f3n inolvidable, Patrimonio Modesto volvi\u00f3 a sus<br \/>\nquehaceres habituales en la empresa privada y fue en esta \u00e9poca cuando<br \/>\ndespunt\u00f3 por una doble habilidad: multiplicar su sustantivo sin perder<br \/>\npor ello su adjetivo. As\u00ed, Patrimonio creci\u00f3 y, contra todo pron\u00f3stico,<br \/>\nModesto permaneci\u00f3 a su lado. Del cari\u00f1o que le profesaban ciudadanos e<br \/>\ninstituciones da cuenta el hecho de que, contando con unos ingresos<br \/>\nanuales de diez millones de euros brutos, no tuvo problema alguno que<br \/>\nconseguir cr\u00e9dito por valor de 180 millones. Y es que puestos a prestar<br \/>\ntama\u00f1a cantidad \u2013pensaron en la entidad bancaria\u2013, quien mejor<br \/>\nbeneficiario que Patrimonio Modesto.<br \/>\nFue en este punto cuando tal compendio de virtudes llam\u00f3 la atenci\u00f3n<br \/>\ndel fuerte l\u00edder territorial conocido como Gipuzku Buru \u2013al que para<br \/>\nabreviar nos referiremos a patir de aqu\u00ed como Buru\u2013, quien de inmediato<br \/>\npens\u00f3 que Patrimonio Modesto ser\u00eda un buen sustituto de la Madrastra<br \/>\nForal, tras haberse revelado \u00e9sta como una desagradecida.<\/p>\n<p>(Continuar\u00e1)<\/p>\n<!-- AddThis Advanced Settings generic via filter on the_content --><!-- AddThis Share Buttons generic via filter on the_content -->","protected":false},"excerpt":{"rendered":"<p>Alberto Moyano Patrimonio Modesto naci\u00f3 en un pueblo de Gipuzkoa y desde muy pronto, su saber estar, natural gracejo y porte euskose\u00f1orial le hicieron ganarse el afecto de sus conciudadanos. Durante los a\u00f1os de mocedad, Patrimonio Modesto se forj\u00f3 en el respeto a las tradiciones y el amor a la patria, sustanci\u00e1ndose este \u00faltimo en [&hellip;]<!-- AddThis Advanced Settings generic via filter on get_the_excerpt --><!-- AddThis Share Buttons generic via filter on get_the_excerpt --><\/p>\n","protected":false},"author":37,"featured_media":0,"comment_status":"open","ping_status":"closed","sticky":false,"template":"","format":"standard","meta":[],"categories":[2],"tags":[5],"_links":{"self":[{"href":"https:\/\/blogs.diariovasco.com\/eljukebox\/wp-json\/wp\/v2\/posts\/271"}],"collection":[{"href":"https:\/\/blogs.diariovasco.com\/eljukebox\/wp-json\/wp\/v2\/posts"}],"about":[{"href":"https:\/\/blogs.diariovasco.com\/eljukebox\/wp-json\/wp\/v2\/types\/post"}],"author":[{"embeddable":true,"href":"https:\/\/blogs.diariovasco.com\/eljukebox\/wp-json\/wp\/v2\/users\/37"}],"replies":[{"embeddable":true,"href":"https:\/\/blogs.diariovasco.com\/eljukebox\/wp-json\/wp\/v2\/comments?post=271"}],"version-history":[{"count":0,"href":"https:\/\/blogs.diariovasco.com\/eljukebox\/wp-json\/wp\/v2\/posts\/271\/revisions"}],"wp:attachment":[{"href":"https:\/\/blogs.diariovasco.com\/eljukebox\/wp-json\/wp\/v2\/media?parent=271"}],"wp:term":[{"taxonomy":"category","embeddable":true,"href":"https:\/\/blogs.diariovasco.com\/eljukebox\/wp-json\/wp\/v2\/categories?post=271"},{"taxonomy":"post_tag","embeddable":true,"href":"https:\/\/blogs.diariovasco.com\/eljukebox\/wp-json\/wp\/v2\/tags?post=271"}],"curies":[{"name":"wp","href":"https:\/\/api.w.org\/{rel}","templated":true}]}}