{"id":272,"date":"2007-03-01T17:59:05","date_gmt":"2007-03-01T17:59:05","guid":{"rendered":"http:\/\/blogs.diariovasco.com\/eljukebox\/?p=272"},"modified":"2007-03-01T17:59:05","modified_gmt":"2007-03-01T17:59:05","slug":"patrimonio_modesto_una_historia_de_amor__1","status":"publish","type":"post","link":"https:\/\/blogs.diariovasco.com\/eljukebox\/2007\/03\/01\/patrimonio_modesto_una_historia_de_amor__1\/","title":{"rendered":"Patrimonio Modesto: una historia de amor (y II)"},"content":{"rendered":"<p>(Viene del anterior)<\/p>\n<p>Alberto Moyano<\/p>\n<p>Sin embargo, los enemigos de Buru \u2013y por extensi\u00f3n, de este gran pa\u00eds\u2013<br \/>\nson poderosos. As\u00ed, los rumores primero e informaciones despu\u00e9s sobre<br \/>\nuna declaraci\u00f3n de la renta de Patrimonio Modesto presentada<br \/>\nsupuestamente de forma incompleta vinieron a enturbiar las pl\u00e1cidas<br \/>\naguas de la prosperidad. En primer t\u00e9rmino, la filtraci\u00f3n period\u00edstica<br \/>\nhizo que todas las miradas se giraran hacia la Madrastra Foral, quien<br \/>\npor supuesto no sab\u00eda nada del tema y para corroborarlo baste se\u00f1alar<br \/>\nque en ese momento se encontraba silbando distra\u00eddamente la sinton\u00eda de<br \/>\n\u2018Verano azul\u2019.<br \/>\nNi corto ni perezoso y como prueba de amor incondicional, Buru cogi\u00f3<br \/>\ndel brazo a Patrimonio Modesto cuando \u00e9ste tuvo que enfrentarse a sus<br \/>\npoderosos enemigos y sigui\u00f3 a su lado cuando se propuso que Patrimonio<br \/>\nhiciera p\u00fablica su declaraci\u00f3n fiscal. \u00abNunca \u2013le dijo Buru a<br \/>\nPatrimonio Modesto\u2013. T\u00fa has llegado hasta aqu\u00ed por m\u00e9ritos propios y no<br \/>\ncomerciando con tu intimidad. Se empieza haciendo p\u00fablica la<br \/>\ndeclaraci\u00f3n de Hacienda y se termina sentado frente a Klaudio Landa en<br \/>\n\u2018Esta es mi gente\u2019\u00bb.<br \/>\nPatrimonio Modesto asent\u00eda y dec\u00eda que s\u00ed, pero empezaba a estar<br \/>\nconfuso. Conocedor de la canci\u00f3n de Queen \u2018Demasiado amor te matar\u00e1\u2019,<br \/>\ncomenzaba a preguntarse qu\u00e9 ser\u00eda de \u00e9l cuando arrancara la campa\u00f1a<br \/>\nelectoral y sus rivales insistieran en hurgar en la dolorosa herida.<br \/>\n\u00abSe avecinan tiempos oscuros\u00bb, augura Patrimonio Modesto que, sin<br \/>\nembargo, conf\u00eda en sus fuerzas para batirse con nobleza, como siempre<br \/>\nha hecho, contra el lado oscuro, sabiendo como sabe que siempre contar\u00e1<br \/>\ncon el apoyo f\u00e9rreo de Buru.<\/p>\n<p>FIN<\/p>\n<p>En pr\u00f3ximos cap\u00edtulos: Patrimonio Modesto debe afrontar nuevas y<br \/>\nmalintencionadas acusaciones, tales que haberse dado de baja de la Real<br \/>\nen la \u00faltima campa\u00f1a de renovaci\u00f3n y no haber devuelto a\u00fan al Koldo<br \/>\nMitxelena el DVD de \u2018El apartamento\u2019.<\/p>\n<p><\/p>\n<!-- AddThis Advanced Settings generic via filter on the_content --><!-- AddThis Share Buttons generic via filter on the_content -->","protected":false},"excerpt":{"rendered":"<p>(Viene del anterior) Alberto Moyano Sin embargo, los enemigos de Buru \u2013y por extensi\u00f3n, de este gran pa\u00eds\u2013 son poderosos. As\u00ed, los rumores primero e informaciones despu\u00e9s sobre una declaraci\u00f3n de la renta de Patrimonio Modesto presentada supuestamente de forma incompleta vinieron a enturbiar las pl\u00e1cidas aguas de la prosperidad. En primer t\u00e9rmino, la filtraci\u00f3n [&hellip;]<!-- AddThis Advanced Settings generic via filter on get_the_excerpt --><!-- AddThis Share Buttons generic via filter on get_the_excerpt --><\/p>\n","protected":false},"author":37,"featured_media":0,"comment_status":"open","ping_status":"closed","sticky":false,"template":"","format":"standard","meta":[],"categories":[2],"tags":[5],"_links":{"self":[{"href":"https:\/\/blogs.diariovasco.com\/eljukebox\/wp-json\/wp\/v2\/posts\/272"}],"collection":[{"href":"https:\/\/blogs.diariovasco.com\/eljukebox\/wp-json\/wp\/v2\/posts"}],"about":[{"href":"https:\/\/blogs.diariovasco.com\/eljukebox\/wp-json\/wp\/v2\/types\/post"}],"author":[{"embeddable":true,"href":"https:\/\/blogs.diariovasco.com\/eljukebox\/wp-json\/wp\/v2\/users\/37"}],"replies":[{"embeddable":true,"href":"https:\/\/blogs.diariovasco.com\/eljukebox\/wp-json\/wp\/v2\/comments?post=272"}],"version-history":[{"count":0,"href":"https:\/\/blogs.diariovasco.com\/eljukebox\/wp-json\/wp\/v2\/posts\/272\/revisions"}],"wp:attachment":[{"href":"https:\/\/blogs.diariovasco.com\/eljukebox\/wp-json\/wp\/v2\/media?parent=272"}],"wp:term":[{"taxonomy":"category","embeddable":true,"href":"https:\/\/blogs.diariovasco.com\/eljukebox\/wp-json\/wp\/v2\/categories?post=272"},{"taxonomy":"post_tag","embeddable":true,"href":"https:\/\/blogs.diariovasco.com\/eljukebox\/wp-json\/wp\/v2\/tags?post=272"}],"curies":[{"name":"wp","href":"https:\/\/api.w.org\/{rel}","templated":true}]}}