{"id":273,"date":"2007-03-02T10:45:56","date_gmt":"2007-03-02T10:45:56","guid":{"rendered":"http:\/\/blogs.diariovasco.com\/eljukebox\/?p=273"},"modified":"2007-03-02T10:45:56","modified_gmt":"2007-03-02T10:45:56","slug":"la_noche_del_contenedor","status":"publish","type":"post","link":"https:\/\/blogs.diariovasco.com\/eljukebox\/2007\/03\/02\/la_noche_del_contenedor\/","title":{"rendered":"La noche del contenedor"},"content":{"rendered":"<p>Alberto Moyano<\/p>\n<p>Aunque \u2018Paradero desconocido\u2019 era la obra escogida para la reapertura<br \/>\ndel Victoria Eugenia, la consejera de Cultura, Miren Azkarate, se<br \/>\nadelant\u00f3 por unos minutos con \u2018Digna y despechada\u2019, una pieza de calle<br \/>\nen peque\u00f1o formato consistente en renunciar a la invitaci\u00f3n del<br \/>\nAyuntamiento y comprar en taquilla su entrada. Una lectura aviesa del<br \/>\nentrem\u00e9s podr\u00eda resumir los hechos en una sola frase: \u00abEl ticket que<br \/>\ncompr\u00f3 la consejera con invitaci\u00f3n dej\u00f3 sin entrada a un ciudadano<br \/>\ndonostiarra\u00bb. Sin embargo, no ser\u00eda ajustado a los hechos ya que<br \/>\nAzkarate aclar\u00f3 que acud\u00eda a la representaci\u00f3n \u00abcomo una donostiarra<br \/>\nm\u00e1s que va los distintos espect\u00e1culos que hay en la ciudad\u00bb, aunque<br \/>\nesta condici\u00f3n de ciudadana no le impidi\u00f3 a\u00f1adir que \u00aben el Gobierno<br \/>\nVasco no tenemos costumbre de financiar\u00bb teatros municipales.<br \/>\nYa por la noche, Teledonosti celebr\u00f3 un encuentro para evaluar la<br \/>\nprimera toma de contacto con el teatro. En medio de elogios y alabanzas<br \/>\na la comodidad de las nuevas butacas, surgi\u00f3 la cuesti\u00f3n en torno a si<br \/>\nel nuevo \u00abcontenedor cultural\u00bb que es el Victoria Eugenia debe aspirar<br \/>\na algo m\u00e1s que a llenarse de p\u00fablico cada noche para convertirse en un<br \/>\nespacio de referencia o algo as\u00ed.<br \/>\nLa aspiraci\u00f3n suena pertinente, aunque oculta quiz\u00e1s las dimensiones<br \/>\nreales del conservadurismo donostiarra, cuyo p\u00fablico, efectivamente,<br \/>\nacude a todo, pero que puesto en una encrucijada, prefiere asistir a<br \/>\nuna \u00f3pera suntuosamente cochambrosa que a un espect\u00e1culo de nuevas<br \/>\nm\u00fasicas. <br \/>\nLo que vaya a ser el Victoria Eugenia lo dir\u00e1 el tiempo \u2013pongamos seis<br \/>\nmeses o pongamos un a\u00f1o\u2013, una vez que demos por finiquitada una<br \/>\nprogramaci\u00f3n inaugural conformada en su mayor parte por nombres que ya<br \/>\nhan desfilado por Donostia durante los siete \u00faltimos a\u00f1os, en los que<br \/>\nno hubo Victoria Eugenia. <\/p>\n<p><\/p>\n<!-- AddThis Advanced Settings generic via filter on the_content --><!-- AddThis Share Buttons generic via filter on the_content -->","protected":false},"excerpt":{"rendered":"<p>Alberto Moyano Aunque \u2018Paradero desconocido\u2019 era la obra escogida para la reapertura del Victoria Eugenia, la consejera de Cultura, Miren Azkarate, se adelant\u00f3 por unos minutos con \u2018Digna y despechada\u2019, una pieza de calle en peque\u00f1o formato consistente en renunciar a la invitaci\u00f3n del Ayuntamiento y comprar en taquilla su entrada. Una lectura aviesa del [&hellip;]<!-- AddThis Advanced Settings generic via filter on get_the_excerpt --><!-- AddThis Share Buttons generic via filter on get_the_excerpt --><\/p>\n","protected":false},"author":37,"featured_media":0,"comment_status":"open","ping_status":"closed","sticky":false,"template":"","format":"standard","meta":[],"categories":[2],"tags":[5],"_links":{"self":[{"href":"https:\/\/blogs.diariovasco.com\/eljukebox\/wp-json\/wp\/v2\/posts\/273"}],"collection":[{"href":"https:\/\/blogs.diariovasco.com\/eljukebox\/wp-json\/wp\/v2\/posts"}],"about":[{"href":"https:\/\/blogs.diariovasco.com\/eljukebox\/wp-json\/wp\/v2\/types\/post"}],"author":[{"embeddable":true,"href":"https:\/\/blogs.diariovasco.com\/eljukebox\/wp-json\/wp\/v2\/users\/37"}],"replies":[{"embeddable":true,"href":"https:\/\/blogs.diariovasco.com\/eljukebox\/wp-json\/wp\/v2\/comments?post=273"}],"version-history":[{"count":0,"href":"https:\/\/blogs.diariovasco.com\/eljukebox\/wp-json\/wp\/v2\/posts\/273\/revisions"}],"wp:attachment":[{"href":"https:\/\/blogs.diariovasco.com\/eljukebox\/wp-json\/wp\/v2\/media?parent=273"}],"wp:term":[{"taxonomy":"category","embeddable":true,"href":"https:\/\/blogs.diariovasco.com\/eljukebox\/wp-json\/wp\/v2\/categories?post=273"},{"taxonomy":"post_tag","embeddable":true,"href":"https:\/\/blogs.diariovasco.com\/eljukebox\/wp-json\/wp\/v2\/tags?post=273"}],"curies":[{"name":"wp","href":"https:\/\/api.w.org\/{rel}","templated":true}]}}