{"id":277,"date":"2007-03-07T20:03:01","date_gmt":"2007-03-07T20:03:01","guid":{"rendered":"http:\/\/blogs.diariovasco.com\/eljukebox\/?p=277"},"modified":"2007-03-07T20:03:01","modified_gmt":"2007-03-07T20:03:01","slug":"alguien_se_retrata_en_dfoto","status":"publish","type":"post","link":"https:\/\/blogs.diariovasco.com\/eljukebox\/2007\/03\/07\/alguien_se_retrata_en_dfoto\/","title":{"rendered":"Alguien se retrata en DFoto"},"content":{"rendered":"<p>Alberto Moyano<\/p>\n<p>Buena parte de la presentaci\u00f3n de la cuarta edici\u00f3n de la feria DFoto<br \/>\nse ha ido esta ma\u00f1ana en la reclamaci\u00f3n de un mayor apoyo institucional<br \/>\n\u2013especialmente, del Ayuntamiento donostiarra\u2013 a este evento que cada<br \/>\na\u00f1o atrae a unas 10.000 personas, sin contar profesionales y<br \/>\ncoleccionistas.<br \/>\nDesde la Fundaci\u00f3n Ord\u00f3\u00f1ez-Falc\u00f3n se plantean en concreto tres<br \/>\npeticiones, dos aceptables y una muy discutible \u2013y para qu\u00e9 enga\u00f1arnos,<br \/>\ndif\u00edcil de vender al ciudadano\u2013, consistente \u00e9sta \u00faltima en pedir que<br \/>\nlas instituciones ayuden a sufragar las invitaciones a coleccionistas<br \/>\nextranjeros. Las otras dos, sin embargo, no admiten muchas pegas:<br \/>\ncomprar obra a las galer\u00edas \u2013parece pertinente teniendo en cuenta que<br \/>\n\u00e9sta va a ser la ciudad de la imagen\u2013 y asistir como anfitri\u00f3n a<br \/>\ninauguraciones y\/o actos de representaci\u00f3n.<br \/>\nA todo esto, contesta el alcalde con una escuet\u00edsima carta \u2013casi un<br \/>\nmicrorrelato en s\u00ed misma\u2013 en la que lamenta mucho no poder \u00abasumir el<br \/>\ngasto de la cena inaugural (&#8230;) ya que no dispongo de consignaci\u00f3n<br \/>\npresupuestaria para este acto\u00bb. <br \/>\nNi para \u00e9ste, ni para ning\u00fan otro, habr\u00eda que decir. La excusa suena a<br \/>\nescaqueo, teniendo en cuenta que eso podr\u00eda pasar el primer a\u00f1o, pero<br \/>\ndif\u00edcilmente el cuarto, si existiera voluntad. De no ser porque todos<br \/>\nconocemos la pasi\u00f3n del alcalde por la fotograf\u00eda \u2013con especial<br \/>\ndevoci\u00f3n por el g\u00e9nero del retrato\u2013 podr\u00eda pensarse que el hombre no<br \/>\ndesea apoyar la feria. Seguro que tiene sus razones, pero como no las<br \/>\nexplica&#8230;<\/p>\n<p><\/p>\n<!-- AddThis Advanced Settings generic via filter on the_content --><!-- AddThis Share Buttons generic via filter on the_content -->","protected":false},"excerpt":{"rendered":"<p>Alberto Moyano Buena parte de la presentaci\u00f3n de la cuarta edici\u00f3n de la feria DFoto se ha ido esta ma\u00f1ana en la reclamaci\u00f3n de un mayor apoyo institucional \u2013especialmente, del Ayuntamiento donostiarra\u2013 a este evento que cada a\u00f1o atrae a unas 10.000 personas, sin contar profesionales y coleccionistas. Desde la Fundaci\u00f3n Ord\u00f3\u00f1ez-Falc\u00f3n se plantean en [&hellip;]<!-- AddThis Advanced Settings generic via filter on get_the_excerpt --><!-- AddThis Share Buttons generic via filter on get_the_excerpt --><\/p>\n","protected":false},"author":37,"featured_media":0,"comment_status":"open","ping_status":"closed","sticky":false,"template":"","format":"standard","meta":[],"categories":[2],"tags":[5],"_links":{"self":[{"href":"https:\/\/blogs.diariovasco.com\/eljukebox\/wp-json\/wp\/v2\/posts\/277"}],"collection":[{"href":"https:\/\/blogs.diariovasco.com\/eljukebox\/wp-json\/wp\/v2\/posts"}],"about":[{"href":"https:\/\/blogs.diariovasco.com\/eljukebox\/wp-json\/wp\/v2\/types\/post"}],"author":[{"embeddable":true,"href":"https:\/\/blogs.diariovasco.com\/eljukebox\/wp-json\/wp\/v2\/users\/37"}],"replies":[{"embeddable":true,"href":"https:\/\/blogs.diariovasco.com\/eljukebox\/wp-json\/wp\/v2\/comments?post=277"}],"version-history":[{"count":0,"href":"https:\/\/blogs.diariovasco.com\/eljukebox\/wp-json\/wp\/v2\/posts\/277\/revisions"}],"wp:attachment":[{"href":"https:\/\/blogs.diariovasco.com\/eljukebox\/wp-json\/wp\/v2\/media?parent=277"}],"wp:term":[{"taxonomy":"category","embeddable":true,"href":"https:\/\/blogs.diariovasco.com\/eljukebox\/wp-json\/wp\/v2\/categories?post=277"},{"taxonomy":"post_tag","embeddable":true,"href":"https:\/\/blogs.diariovasco.com\/eljukebox\/wp-json\/wp\/v2\/tags?post=277"}],"curies":[{"name":"wp","href":"https:\/\/api.w.org\/{rel}","templated":true}]}}