{"id":278,"date":"2007-03-08T15:40:28","date_gmt":"2007-03-08T15:40:28","guid":{"rendered":"http:\/\/blogs.diariovasco.com\/eljukebox\/?p=278"},"modified":"2007-03-08T15:40:28","modified_gmt":"2007-03-08T15:40:28","slug":"funambulo_en_el_cable","status":"publish","type":"post","link":"https:\/\/blogs.diariovasco.com\/eljukebox\/2007\/03\/08\/funambulo_en_el_cable\/","title":{"rendered":"Fun\u00e1mbulo en el cable"},"content":{"rendered":"<p>Alberto Moyano<\/p>\n<p>Dice Ainhoa Arteta que vive un momento de \u00absensibilidad a flor de<br \/>\npiel\u00bb. Pues vale, Ainhoa. Lo \u00fanico, no te asomes a la ventana del<br \/>\nVictoria Eugenia, ma\u00f1ana, cuando est\u00e9s calentando la voz antes de<br \/>\nactuar en el teatro. Y es que causaba un cierto desasosiego contemplar<br \/>\nhoy, bajo el vendaval, c\u00f3mo colocaban la noble torreta que se une a una<br \/>\nbalconada del teatro mediante un cable sobre el que caminar\u00e1 el<br \/>\nfunambulista de la compa\u00f1\u00eda francesa Ad Lib Creations. Y tambien una<br \/>\nprofunda admiraci\u00f3n ante la determinaci\u00f3n del gran Ram\u00f3n Kelvinck para<br \/>\nno dejarse amedrentar por los elementos. Hablando en plata: o amaina el<br \/>\ntemporal o el funambulista acabar\u00e1 la jornada por el Ampurd\u00e1n, m\u00e1s o<br \/>\nmenos.<br \/>\nVaya por delante, para alivio de los muchos admiradores de la<br \/>\nmarquesina de la entrada, que esta construcci\u00f3n est\u00e1 a salvo de<br \/>\ncualquier contingencia ya que el cable no pasa por encima suyo. Quiere<br \/>\ndecirse que en caso de accidente, las posibilidades de que el<br \/>\nfunambulista se estrella contra ella son pr\u00e1cticamente nulas.<br \/>\nEn segundo lugar, reconocer que la propuesta es tremendamente<br \/>\natractiva, aunque conservadora, por cuanto resultar\u00eda mucho m\u00e1s \u2018cool\u2019<br \/>\nponer al funambulista a hacer equilibrios encima de un abarrotado patio<br \/>\nde butacas, mientras la soprano canta sobre el cable instalado en el<br \/>\nexterior. Otra vez ser\u00e1. En todo caso, la variet\u00e9 y el consiguiente<br \/>\nespect\u00e1culo de luz y sonido \u2013con fuegos artificiales y rayos l\u00e1ser\u2013<br \/>\ngarantizan el llenazo. <br \/>\nY en tercer lugar, que el artista demuestre por qu\u00e9, a lo que nosostros<br \/>\nllamamos cable, \u00e9l lo llama hogar. Y que la sangre no llegue al r\u00edo, al<br \/>\nmenos, al r\u00edo Urumea.<\/p>\n<p><\/p>\n<!-- AddThis Advanced Settings generic via filter on the_content --><!-- AddThis Share Buttons generic via filter on the_content -->","protected":false},"excerpt":{"rendered":"<p>Alberto Moyano Dice Ainhoa Arteta que vive un momento de \u00absensibilidad a flor de piel\u00bb. Pues vale, Ainhoa. Lo \u00fanico, no te asomes a la ventana del Victoria Eugenia, ma\u00f1ana, cuando est\u00e9s calentando la voz antes de actuar en el teatro. Y es que causaba un cierto desasosiego contemplar hoy, bajo el vendaval, c\u00f3mo colocaban [&hellip;]<!-- AddThis Advanced Settings generic via filter on get_the_excerpt --><!-- AddThis Share Buttons generic via filter on get_the_excerpt --><\/p>\n","protected":false},"author":37,"featured_media":0,"comment_status":"open","ping_status":"closed","sticky":false,"template":"","format":"standard","meta":[],"categories":[2],"tags":[5],"_links":{"self":[{"href":"https:\/\/blogs.diariovasco.com\/eljukebox\/wp-json\/wp\/v2\/posts\/278"}],"collection":[{"href":"https:\/\/blogs.diariovasco.com\/eljukebox\/wp-json\/wp\/v2\/posts"}],"about":[{"href":"https:\/\/blogs.diariovasco.com\/eljukebox\/wp-json\/wp\/v2\/types\/post"}],"author":[{"embeddable":true,"href":"https:\/\/blogs.diariovasco.com\/eljukebox\/wp-json\/wp\/v2\/users\/37"}],"replies":[{"embeddable":true,"href":"https:\/\/blogs.diariovasco.com\/eljukebox\/wp-json\/wp\/v2\/comments?post=278"}],"version-history":[{"count":0,"href":"https:\/\/blogs.diariovasco.com\/eljukebox\/wp-json\/wp\/v2\/posts\/278\/revisions"}],"wp:attachment":[{"href":"https:\/\/blogs.diariovasco.com\/eljukebox\/wp-json\/wp\/v2\/media?parent=278"}],"wp:term":[{"taxonomy":"category","embeddable":true,"href":"https:\/\/blogs.diariovasco.com\/eljukebox\/wp-json\/wp\/v2\/categories?post=278"},{"taxonomy":"post_tag","embeddable":true,"href":"https:\/\/blogs.diariovasco.com\/eljukebox\/wp-json\/wp\/v2\/tags?post=278"}],"curies":[{"name":"wp","href":"https:\/\/api.w.org\/{rel}","templated":true}]}}