{"id":279,"date":"2007-03-09T10:48:01","date_gmt":"2007-03-09T10:48:01","guid":{"rendered":"http:\/\/blogs.diariovasco.com\/eljukebox\/?p=279"},"modified":"2007-03-09T10:48:01","modified_gmt":"2007-03-09T10:48:01","slug":"las_noches_del_ku","status":"publish","type":"post","link":"https:\/\/blogs.diariovasco.com\/eljukebox\/2007\/03\/09\/las_noches_del_ku\/","title":{"rendered":"Las noches del Ku"},"content":{"rendered":"<p>Alberto Moyano<\/p>\n<p>El debate sobre juventud, carretera y alcohol propuesto anoche en<br \/>\nTeledonosti por \u2018La ciudad se mueve\u2019 deriv\u00f3 progresivamente hacia un<br \/>\nejercicio de nostalgia protagonizado por aquellas alocadas subidas y<br \/>\nbajadas de la discoteca Ku, aquellos copazos y aquellas chicas que<br \/>\nmiraban. Fue hace veinte o treinta a\u00f1os y en contra de la impresi\u00f3n que<br \/>\npudiera sacar quien viera el programa, fue una actividad m\u00e1s propia de<br \/>\nlos ni\u00f1os bien de la ciudad que de la juventud de la \u00e9poca en general.<br \/>\nHay que decir que las curvas de Igeldo se cobraron su tributo en las<br \/>\nvidas de quien mat\u00f3 y se mat\u00f3 en ellas. Para el resto \u2013los que salieron<br \/>\nintactos de aquellos a\u00f1os\u2013, todo son buenos recuerdos.<br \/>\nPor lo dem\u00e1s, el debate bascul\u00f3 entre la necesidad de construir una<br \/>\njuventud sobria, seria, ponderada y juiciosa, y la imposibilidad de<br \/>\nconseguirlo. \u00c1lvaro Bermejo hizo especial hincapi\u00e9 una vez m\u00e1s en<br \/>\ncriticar los modelos de ocio que impone\/propone la sociedad, con el<br \/>\nalcohol como eje central, y los dem\u00e1s contertulios dijeron que s\u00ed,<br \/>\naunque hubo quien insinu\u00f3 que juventud y velocidad no dejan de ser dos<br \/>\nsustancias estupefacientes en s\u00ed mismas.<br \/>\nSin embargo, parece que el muro de advertencias preventivas, consejos<br \/>\npaternos y campa\u00f1as publicitarias de la DGT cae derribado a los pies de<br \/>\nla publicidad que vende coches con personalidad propia, transferible a<br \/>\nsu propietario y conducci\u00f3n trepidante como forma de vida. Entre las<br \/>\nnumerosas llamadas de espectadores, pes\u00f3 especialmente la de la madre<br \/>\ncuyo hijo fue arrollado cuando iba en bicicleta por un conductor<br \/>\nebrio.&nbsp; <\/p>\n<p>P.D.: Los interesados en el tema tienen m\u00e1s informaci\u00f3n y opini\u00f3n en el blog fzhelenmamy.blogs.terra.es<\/p>\n<p><\/p>\n<!-- AddThis Advanced Settings generic via filter on the_content --><!-- AddThis Share Buttons generic via filter on the_content -->","protected":false},"excerpt":{"rendered":"<p>Alberto Moyano El debate sobre juventud, carretera y alcohol propuesto anoche en Teledonosti por \u2018La ciudad se mueve\u2019 deriv\u00f3 progresivamente hacia un ejercicio de nostalgia protagonizado por aquellas alocadas subidas y bajadas de la discoteca Ku, aquellos copazos y aquellas chicas que miraban. Fue hace veinte o treinta a\u00f1os y en contra de la impresi\u00f3n [&hellip;]<!-- AddThis Advanced Settings generic via filter on get_the_excerpt --><!-- AddThis Share Buttons generic via filter on get_the_excerpt --><\/p>\n","protected":false},"author":37,"featured_media":0,"comment_status":"open","ping_status":"closed","sticky":false,"template":"","format":"standard","meta":[],"categories":[2],"tags":[5],"_links":{"self":[{"href":"https:\/\/blogs.diariovasco.com\/eljukebox\/wp-json\/wp\/v2\/posts\/279"}],"collection":[{"href":"https:\/\/blogs.diariovasco.com\/eljukebox\/wp-json\/wp\/v2\/posts"}],"about":[{"href":"https:\/\/blogs.diariovasco.com\/eljukebox\/wp-json\/wp\/v2\/types\/post"}],"author":[{"embeddable":true,"href":"https:\/\/blogs.diariovasco.com\/eljukebox\/wp-json\/wp\/v2\/users\/37"}],"replies":[{"embeddable":true,"href":"https:\/\/blogs.diariovasco.com\/eljukebox\/wp-json\/wp\/v2\/comments?post=279"}],"version-history":[{"count":0,"href":"https:\/\/blogs.diariovasco.com\/eljukebox\/wp-json\/wp\/v2\/posts\/279\/revisions"}],"wp:attachment":[{"href":"https:\/\/blogs.diariovasco.com\/eljukebox\/wp-json\/wp\/v2\/media?parent=279"}],"wp:term":[{"taxonomy":"category","embeddable":true,"href":"https:\/\/blogs.diariovasco.com\/eljukebox\/wp-json\/wp\/v2\/categories?post=279"},{"taxonomy":"post_tag","embeddable":true,"href":"https:\/\/blogs.diariovasco.com\/eljukebox\/wp-json\/wp\/v2\/tags?post=279"}],"curies":[{"name":"wp","href":"https:\/\/api.w.org\/{rel}","templated":true}]}}