{"id":280,"date":"2007-03-12T12:32:01","date_gmt":"2007-03-12T12:32:01","guid":{"rendered":"http:\/\/blogs.diariovasco.com\/eljukebox\/?p=280"},"modified":"2007-03-12T12:32:01","modified_gmt":"2007-03-12T12:32:01","slug":"canizares_contra_el_maligno","status":"publish","type":"post","link":"https:\/\/blogs.diariovasco.com\/eljukebox\/2007\/03\/12\/canizares_contra_el_maligno\/","title":{"rendered":"Ca\u00f1izares contra el Maligno"},"content":{"rendered":"<p><P>Alberto Moyano<\/P><br \/>\n<P>Tan s\u00f3lo 24 horas despu\u00e9s de que la Espa\u00f1a &#8220;sensata&#8221; saliera a las calles de Madrid para afear al Gobierno la prisi\u00f3n atenuada concedida a De Juana Chaos, el arzobispo de Toledo y vicepresidente de la Conferencia Episcopal, Antonio Ca\u00f1izares, oficiaba una misa extrema en la que advert\u00eda de que los atentados del 11-M &#8220;a\u00fan no han sido esclarecidos en su verdad m\u00e1s real y m\u00e1s honda&#8221;. <\/P><br \/>\n<P>Y ser\u00e1 dif\u00edcil que lo sean, al menos en esta vida, ya que -seg\u00fan cuenta hoy la prensa- el hombre se salt\u00f3 las pesquisas policiales, la acci\u00f3n judicial e incluso la teor\u00eda de la conspiraci\u00f3n para atribuir la responsabilidad \u00faltima de las bombas al &#8220;Pr\u00edncipe del Odio y de la Mentira&#8221;, lo cual deja el asunto en manos de Iker Jim\u00e9nez. Ca\u00f1izares sit\u00faa en la matanza en el terreno de lo cotidiano, en un mundo plagado de &#8220;abortos legales, experimentaci\u00f3n y comercio de embriones, creciente n\u00famero de suicidios en todas partes y creaci\u00f3n artificial de nuevos derechos por las mayor\u00edas parlamentarias&#8221;, que ser\u00edan las representantes en la tierra del &#8220;Maligno Pr\u00edncipe de la Mentira&#8221;.<\/P><br \/>\n<P>Todo esto, que revela la necesidad de incluir el vino de misa en la futura ley Anti-alcohol de la ministra Salgado y que a cualquiera vestido de civil le costar\u00eda el ingreso en un centro de salud mental,&nbsp;&nbsp;fue el eje de la homilia que pronunci\u00f3 Ca\u00f1izares en Toledo, mientras se inauguraba en Madrid el monumento de vidrio&nbsp;dedicado a las v\u00edctimas del 11-M , humilde y brillante obra de cinco j\u00f3venes arquitectos del estudio FAM, de inequ\u00edvoco regusto a &#8216;Yad Vashem&#8217;, pero que otorga el protagonismo al recuerdo y evita el habitual autohomenaje con el que gusta adornarse la &#8216;genialidad&#8217;.<\/P><\/p>\n<!-- AddThis Advanced Settings generic via filter on the_content --><!-- AddThis Share Buttons generic via filter on the_content -->","protected":false},"excerpt":{"rendered":"<p>Alberto Moyano Tan s\u00f3lo 24 horas despu\u00e9s de que la Espa\u00f1a &#8220;sensata&#8221; saliera a las calles de Madrid para afear al Gobierno la prisi\u00f3n atenuada concedida a De Juana Chaos, el arzobispo de Toledo y vicepresidente de la Conferencia Episcopal, Antonio Ca\u00f1izares, oficiaba una misa extrema en la que advert\u00eda de que los atentados del [&hellip;]<!-- AddThis Advanced Settings generic via filter on get_the_excerpt --><!-- AddThis Share Buttons generic via filter on get_the_excerpt --><\/p>\n","protected":false},"author":37,"featured_media":0,"comment_status":"open","ping_status":"closed","sticky":false,"template":"","format":"standard","meta":[],"categories":[2],"tags":[5],"_links":{"self":[{"href":"https:\/\/blogs.diariovasco.com\/eljukebox\/wp-json\/wp\/v2\/posts\/280"}],"collection":[{"href":"https:\/\/blogs.diariovasco.com\/eljukebox\/wp-json\/wp\/v2\/posts"}],"about":[{"href":"https:\/\/blogs.diariovasco.com\/eljukebox\/wp-json\/wp\/v2\/types\/post"}],"author":[{"embeddable":true,"href":"https:\/\/blogs.diariovasco.com\/eljukebox\/wp-json\/wp\/v2\/users\/37"}],"replies":[{"embeddable":true,"href":"https:\/\/blogs.diariovasco.com\/eljukebox\/wp-json\/wp\/v2\/comments?post=280"}],"version-history":[{"count":0,"href":"https:\/\/blogs.diariovasco.com\/eljukebox\/wp-json\/wp\/v2\/posts\/280\/revisions"}],"wp:attachment":[{"href":"https:\/\/blogs.diariovasco.com\/eljukebox\/wp-json\/wp\/v2\/media?parent=280"}],"wp:term":[{"taxonomy":"category","embeddable":true,"href":"https:\/\/blogs.diariovasco.com\/eljukebox\/wp-json\/wp\/v2\/categories?post=280"},{"taxonomy":"post_tag","embeddable":true,"href":"https:\/\/blogs.diariovasco.com\/eljukebox\/wp-json\/wp\/v2\/tags?post=280"}],"curies":[{"name":"wp","href":"https:\/\/api.w.org\/{rel}","templated":true}]}}