{"id":281,"date":"2007-03-13T12:10:55","date_gmt":"2007-03-13T12:10:55","guid":{"rendered":"http:\/\/blogs.diariovasco.com\/eljukebox\/?p=281"},"modified":"2007-03-13T12:10:55","modified_gmt":"2007-03-13T12:10:55","slug":"nuevas_ventajas_de_bajar_a_segunda","status":"publish","type":"post","link":"https:\/\/blogs.diariovasco.com\/eljukebox\/2007\/03\/13\/nuevas_ventajas_de_bajar_a_segunda\/","title":{"rendered":"Nuevas ventajas de bajar a Segunda"},"content":{"rendered":"<p><P>Alberto Moyano<\/P><br \/>\n<P>A las razones expuestas hace un a\u00f1o aqu\u00ed sobre los posibles aspectos positivos de un descenso de categor\u00eda por parte de la Real, que finalmente no se produjo, se pueden a\u00f1adir ahora las siguientes:<\/P><br \/>\n<P>1) Los jugadores volver\u00edan a viajar en autob\u00fas en sus desplazamientos, lo que les evitar\u00eda las engorrosas esperas en los aeropuertos y reforzar\u00eda adem\u00e1s los siempre estrechos lazos de identificaci\u00f3n entre plantilla y afici\u00f3n.<\/P><br \/>\n<P>2) Equipo y aficionados tendr\u00edan oportunidad de conocer rincones con encanto en sus visitas a campos de Segunda, como los del Poli Ejido o el Vecindario, alejados de los centros tur\u00edsticos masificados que ahora frecuentan.<\/P><br \/>\n<P>3) El descenso permitir\u00eda a la Sociedad An\u00f3nima Deportiva blanquiazul acometer una urgente reducci\u00f3n de capital.<\/P><br \/>\n<P>4) La reducci\u00f3n de ingresos nos evitar\u00eda contemplar una vez m\u00e1s esas im\u00e1genes que la plantilla acostumbra a ofrecer en las concentraciones de pretemporada, m\u00e1s propias de una despedida de soltero que de un grupo de deportistas profesionales y m\u00e1s o menos de elite.<\/P><br \/>\n<P>5) El debate sobre la necesidad de eliminar las pistas de Atletismo en Anoeta se sustituir\u00eda por otro en torno a la conveniencia de suprimir las gradas y dejar las pistas.<\/P><br \/>\n<P>6) Se comprobar\u00eda finalmente cu\u00e1nta verdad y cu\u00e1nta mentira interesada se esconden tras los repetidos argumentos en torno a los enormes beneficios que reporta a la ciudad y al territorio contar con un equipo en Primera Divisi\u00f3n.<\/P><br \/>\n<P>7) La Real recuperar\u00eda la estima que los periodisas deportivos de ETB reservan a los equipos vascos&nbsp;que no compiten en la misma categor\u00eda del Athletic.<\/P><\/p>\n<!-- AddThis Advanced Settings generic via filter on the_content --><!-- AddThis Share Buttons generic via filter on the_content -->","protected":false},"excerpt":{"rendered":"<p>Alberto Moyano A las razones expuestas hace un a\u00f1o aqu\u00ed sobre los posibles aspectos positivos de un descenso de categor\u00eda por parte de la Real, que finalmente no se produjo, se pueden a\u00f1adir ahora las siguientes: 1) Los jugadores volver\u00edan a viajar en autob\u00fas en sus desplazamientos, lo que les evitar\u00eda las engorrosas esperas en [&hellip;]<!-- AddThis Advanced Settings generic via filter on get_the_excerpt --><!-- AddThis Share Buttons generic via filter on get_the_excerpt --><\/p>\n","protected":false},"author":37,"featured_media":0,"comment_status":"open","ping_status":"closed","sticky":false,"template":"","format":"standard","meta":[],"categories":[2],"tags":[5],"_links":{"self":[{"href":"https:\/\/blogs.diariovasco.com\/eljukebox\/wp-json\/wp\/v2\/posts\/281"}],"collection":[{"href":"https:\/\/blogs.diariovasco.com\/eljukebox\/wp-json\/wp\/v2\/posts"}],"about":[{"href":"https:\/\/blogs.diariovasco.com\/eljukebox\/wp-json\/wp\/v2\/types\/post"}],"author":[{"embeddable":true,"href":"https:\/\/blogs.diariovasco.com\/eljukebox\/wp-json\/wp\/v2\/users\/37"}],"replies":[{"embeddable":true,"href":"https:\/\/blogs.diariovasco.com\/eljukebox\/wp-json\/wp\/v2\/comments?post=281"}],"version-history":[{"count":0,"href":"https:\/\/blogs.diariovasco.com\/eljukebox\/wp-json\/wp\/v2\/posts\/281\/revisions"}],"wp:attachment":[{"href":"https:\/\/blogs.diariovasco.com\/eljukebox\/wp-json\/wp\/v2\/media?parent=281"}],"wp:term":[{"taxonomy":"category","embeddable":true,"href":"https:\/\/blogs.diariovasco.com\/eljukebox\/wp-json\/wp\/v2\/categories?post=281"},{"taxonomy":"post_tag","embeddable":true,"href":"https:\/\/blogs.diariovasco.com\/eljukebox\/wp-json\/wp\/v2\/tags?post=281"}],"curies":[{"name":"wp","href":"https:\/\/api.w.org\/{rel}","templated":true}]}}