{"id":282,"date":"2007-03-14T11:19:07","date_gmt":"2007-03-14T11:19:07","guid":{"rendered":"http:\/\/blogs.diariovasco.com\/eljukebox\/?p=282"},"modified":"2007-03-14T11:19:07","modified_gmt":"2007-03-14T11:19:07","slug":"monsenor_en_tve1_las_lumis_en_la_2","status":"publish","type":"post","link":"https:\/\/blogs.diariovasco.com\/eljukebox\/2007\/03\/14\/monsenor_en_tve1_las_lumis_en_la_2\/","title":{"rendered":"Monse\u00f1or en TVE1, las lumis en La 2"},"content":{"rendered":"<p><P>Alberto Moyano<\/P><br \/>\n<P>Agradec\u00eda anoche Monse\u00f1or Carlos Amigo a Jes\u00fas Quintero que hubieran dedicado la entrevista a &#8220;hablar de Dios&nbsp;&nbsp;porque es lo que la gente quiere&#8221;. \u00bfEs lo que la gente quiere? A juzgar por las audiencias, s\u00f3lo podr\u00eda contestarse afirmativamente si el cardenal en cuesti\u00f3n&nbsp;se hubiera&nbsp;enchufado el pol\u00edgrafo. El jerarca cat\u00f3lico, con ese aspecto lustroso que a su edad s\u00f3lo lucen los potentados, asegur\u00f3 que el fin del mundo ser\u00e1 &#8220;el apoteosis del amor de Dios&#8221;, aunque augur\u00f3, para tranquilidad de bastantes, que &#8220;a\u00fan falta mucho tiempo&#8221;.<\/P><br \/>\n<P>Antes, Miguel Bos\u00e9 reconoci\u00f3 que con el tiempo se ha convertido en su propio padre porque el &#8220;ADN es lo \u00fanico que no traiciona&#8221;. Un padre que, seg\u00fan cont\u00f3, se lo llev\u00f3 de putas cuando era muy joven y para restarle importancia al escabroso asunto, Bos\u00e9 dio a entender que se trata de un absurdo&nbsp;rito inici\u00e1tico que &nbsp;habitual en muchas familias. &#8220;Es algo que siempre he terminado haciendo con mis mejores amigos&#8221;, asegur\u00f3. Es m\u00e1s, en caso de haber nacido mujer &#8220;hubiera sido la m\u00e1s puta&#8221;. En fin.<\/P><br \/>\n<P>Mientras tanto, en La 2, el programa &#8216;Enfoque&#8217; debat\u00eda sobre la regularizaci\u00f3n de la prostituci\u00f3n, en un encuentro polarizado entre quienes prefieren seguir haciendo como que esta profesi\u00f3n no existe y los que tratan de aparentar que se trata de un intercambio mercantil completamente normal. <\/P><\/p>\n<!-- AddThis Advanced Settings generic via filter on the_content --><!-- AddThis Share Buttons generic via filter on the_content -->","protected":false},"excerpt":{"rendered":"<p>Alberto Moyano Agradec\u00eda anoche Monse\u00f1or Carlos Amigo a Jes\u00fas Quintero que hubieran dedicado la entrevista a &#8220;hablar de Dios&nbsp;&nbsp;porque es lo que la gente quiere&#8221;. \u00bfEs lo que la gente quiere? A juzgar por las audiencias, s\u00f3lo podr\u00eda contestarse afirmativamente si el cardenal en cuesti\u00f3n&nbsp;se hubiera&nbsp;enchufado el pol\u00edgrafo. El jerarca cat\u00f3lico, con ese aspecto lustroso [&hellip;]<!-- AddThis Advanced Settings generic via filter on get_the_excerpt --><!-- AddThis Share Buttons generic via filter on get_the_excerpt --><\/p>\n","protected":false},"author":37,"featured_media":0,"comment_status":"open","ping_status":"closed","sticky":false,"template":"","format":"standard","meta":[],"categories":[2],"tags":[5],"_links":{"self":[{"href":"https:\/\/blogs.diariovasco.com\/eljukebox\/wp-json\/wp\/v2\/posts\/282"}],"collection":[{"href":"https:\/\/blogs.diariovasco.com\/eljukebox\/wp-json\/wp\/v2\/posts"}],"about":[{"href":"https:\/\/blogs.diariovasco.com\/eljukebox\/wp-json\/wp\/v2\/types\/post"}],"author":[{"embeddable":true,"href":"https:\/\/blogs.diariovasco.com\/eljukebox\/wp-json\/wp\/v2\/users\/37"}],"replies":[{"embeddable":true,"href":"https:\/\/blogs.diariovasco.com\/eljukebox\/wp-json\/wp\/v2\/comments?post=282"}],"version-history":[{"count":0,"href":"https:\/\/blogs.diariovasco.com\/eljukebox\/wp-json\/wp\/v2\/posts\/282\/revisions"}],"wp:attachment":[{"href":"https:\/\/blogs.diariovasco.com\/eljukebox\/wp-json\/wp\/v2\/media?parent=282"}],"wp:term":[{"taxonomy":"category","embeddable":true,"href":"https:\/\/blogs.diariovasco.com\/eljukebox\/wp-json\/wp\/v2\/categories?post=282"},{"taxonomy":"post_tag","embeddable":true,"href":"https:\/\/blogs.diariovasco.com\/eljukebox\/wp-json\/wp\/v2\/tags?post=282"}],"curies":[{"name":"wp","href":"https:\/\/api.w.org\/{rel}","templated":true}]}}