{"id":283,"date":"2007-03-15T12:22:07","date_gmt":"2007-03-15T12:22:07","guid":{"rendered":"http:\/\/blogs.diariovasco.com\/eljukebox\/?p=283"},"modified":"2007-03-15T12:22:07","modified_gmt":"2007-03-15T12:22:07","slug":"lou_reed_prueba_con_la_necrofilia","status":"publish","type":"post","link":"https:\/\/blogs.diariovasco.com\/eljukebox\/2007\/03\/15\/lou_reed_prueba_con_la_necrofilia\/","title":{"rendered":"Lou Reed prueba con la necrofilia"},"content":{"rendered":"<p><P>Alberto Moyano<\/P><br \/>\n<P>\u00bfLe gustan los alimentos precongelados, los animales disecados y los orgasmos en play back? Pues est\u00e1 de enhorabuena. La gira que Lou Reed ha montado, a instancias de Julian Schnabel,&nbsp;con su disco de hace siete lustros, &#8216;Berl\u00edn&#8217;, puede llegar el pr\u00f3ximo mes de julio a Tolosa.<\/P><br \/>\n<P>Aquella grabaci\u00f3n, en rigor, una \u00f3pera negra dentro de una discograf\u00eda con tendencia a la oscuridad, data de 1973, entre el exitoso &#8216;Transformer&#8217; y el autodestructivo &#8216;Rock&#8217;n&#8217;Roll Animal&#8217;. A pesar de que el m\u00fasico neoyorquino se ha mostrado cada vez m\u00e1s reticente a interpretar en directo sus viejos temas y de que el listado de canciones de &#8216;Berl\u00edn&#8217; en concreto nunca ha sido la base de su repertorio, ahora da un bandazo y recupera la galer\u00eda de suicidios, abandonos familiares y malos tratos que desfilan por el disco. &#8220;\u00bfPor qu\u00e9 me pegas? No es nada divertido&#8221;, susurraba en &#8216;Caroline Says II&#8217; con voz aletargada y acento opi\u00e1ceo el actual devorador de mamillas y Tai Chi. Por cierto, que una de las canciones, &#8216;The Kids&#8217;, fue censurada durante a\u00f1os en Espa\u00f1a. Y eso que ni siquiera es la m\u00e1s truculenta.&nbsp;<\/P><br \/>\n<P>Tanto gur\u00fa oriental, tanta pareja videoart\u00edstica y tanto creador progresivo conspiran contra la buena vejez de Lou, embarcado ahora, como aquel personaje de &#8216;Acci\u00f3n mutante&#8217;,&nbsp;en la necrof\u00edlica tarea de arrastrar hasta el escenario el cad\u00e1ver de su hermano siam\u00e9s.<\/P><\/p>\n<!-- AddThis Advanced Settings generic via filter on the_content --><!-- AddThis Share Buttons generic via filter on the_content -->","protected":false},"excerpt":{"rendered":"<p>Alberto Moyano \u00bfLe gustan los alimentos precongelados, los animales disecados y los orgasmos en play back? Pues est\u00e1 de enhorabuena. La gira que Lou Reed ha montado, a instancias de Julian Schnabel,&nbsp;con su disco de hace siete lustros, &#8216;Berl\u00edn&#8217;, puede llegar el pr\u00f3ximo mes de julio a Tolosa. Aquella grabaci\u00f3n, en rigor, una \u00f3pera negra [&hellip;]<!-- AddThis Advanced Settings generic via filter on get_the_excerpt --><!-- AddThis Share Buttons generic via filter on get_the_excerpt --><\/p>\n","protected":false},"author":37,"featured_media":0,"comment_status":"open","ping_status":"closed","sticky":false,"template":"","format":"standard","meta":[],"categories":[2],"tags":[5],"_links":{"self":[{"href":"https:\/\/blogs.diariovasco.com\/eljukebox\/wp-json\/wp\/v2\/posts\/283"}],"collection":[{"href":"https:\/\/blogs.diariovasco.com\/eljukebox\/wp-json\/wp\/v2\/posts"}],"about":[{"href":"https:\/\/blogs.diariovasco.com\/eljukebox\/wp-json\/wp\/v2\/types\/post"}],"author":[{"embeddable":true,"href":"https:\/\/blogs.diariovasco.com\/eljukebox\/wp-json\/wp\/v2\/users\/37"}],"replies":[{"embeddable":true,"href":"https:\/\/blogs.diariovasco.com\/eljukebox\/wp-json\/wp\/v2\/comments?post=283"}],"version-history":[{"count":0,"href":"https:\/\/blogs.diariovasco.com\/eljukebox\/wp-json\/wp\/v2\/posts\/283\/revisions"}],"wp:attachment":[{"href":"https:\/\/blogs.diariovasco.com\/eljukebox\/wp-json\/wp\/v2\/media?parent=283"}],"wp:term":[{"taxonomy":"category","embeddable":true,"href":"https:\/\/blogs.diariovasco.com\/eljukebox\/wp-json\/wp\/v2\/categories?post=283"},{"taxonomy":"post_tag","embeddable":true,"href":"https:\/\/blogs.diariovasco.com\/eljukebox\/wp-json\/wp\/v2\/tags?post=283"}],"curies":[{"name":"wp","href":"https:\/\/api.w.org\/{rel}","templated":true}]}}