{"id":284,"date":"2007-03-16T09:14:10","date_gmt":"2007-03-16T09:14:10","guid":{"rendered":"http:\/\/blogs.diariovasco.com\/eljukebox\/?p=284"},"modified":"2007-03-16T09:14:10","modified_gmt":"2007-03-16T09:14:10","slug":"la_noche_de_las_especies_1","status":"publish","type":"post","link":"https:\/\/blogs.diariovasco.com\/eljukebox\/2007\/03\/16\/la_noche_de_las_especies_1\/","title":{"rendered":"La noche de las especies"},"content":{"rendered":"<p><P>Alberto Moyano<\/P><br \/>\n<P>Las diferencias entre el hombre y otras especies, la existencia de la empat\u00eda y otras cuestiones de corte Blade Runner dominaron el debate propuesto anoche por &#8216;La ciudad se mueve&#8217; en Teledonosti. Por decirlo de otra forma: \u00bftenemos derecho a disponer de los animales para destinarlos a alimentaci\u00f3n, vestimenta, espect\u00e1culo y experimentos cient\u00edficos?<\/P><br \/>\n<P>Unas im\u00e1genes sobre el proceso industrial llevado a cabo en un matadero donostiarra abri\u00f3 un debate en el que los defensores de &#8220;los animales no humanos&#8221; se centraron en demostrar que tras el racismo y el machismo, la evoluci\u00f3n moral del hombre le llevar\u00e1 a rechazar la segregaci\u00f3n por especies. Llegado el caso, \u00c1lvaro Bermejo pregunt\u00f3 qu\u00e9 diferencia a un hombre de un animal,&nbsp;sin que alguien terminara&nbsp;de contestar satisfactoriamente.<\/P><br \/>\n<P>Enfrente, un par de taurinos y la peluquera Elise insistieron en que hombre y animal no son comparables. En el terreno taur\u00f3filo, argumentaron que la &#8216;fiesta&#8217; es cultura como lo demuestran las pinturas de Goya y Picasso, argumento que nos llevar\u00eda a concluir que la guerra y los fusilamientos tambi\u00e9n lo son. E incluso, hubo quien esgrim\u00f3 pintorescas razones, tal que sin toros, tampoco habr\u00eda cerdos de pata negra. <\/P><br \/>\n<P>Decir que el encuentro concluy\u00f3 con un llamamiento a salvar la anchoa del Cant\u00e1brico tampoco har\u00eda justicia al debate, como seguramente tampoco lo har\u00eda decir que la peluquera Elise se instal\u00f3&nbsp;al filo de&nbsp;la caricatura con su defensa simult\u00e1nea del perro como animal de compa\u00f1\u00eda, de los experimentos cosm\u00e9ticos con cobayas, de los abrigos de pieles y del consumo del chulet\u00f3n, todo, entre grandes risas.<\/P><\/p>\n<!-- AddThis Advanced Settings generic via filter on the_content --><!-- AddThis Share Buttons generic via filter on the_content -->","protected":false},"excerpt":{"rendered":"<p>Alberto Moyano Las diferencias entre el hombre y otras especies, la existencia de la empat\u00eda y otras cuestiones de corte Blade Runner dominaron el debate propuesto anoche por &#8216;La ciudad se mueve&#8217; en Teledonosti. Por decirlo de otra forma: \u00bftenemos derecho a disponer de los animales para destinarlos a alimentaci\u00f3n, vestimenta, espect\u00e1culo y experimentos cient\u00edficos? [&hellip;]<!-- AddThis Advanced Settings generic via filter on get_the_excerpt --><!-- AddThis Share Buttons generic via filter on get_the_excerpt --><\/p>\n","protected":false},"author":37,"featured_media":0,"comment_status":"open","ping_status":"closed","sticky":false,"template":"","format":"standard","meta":[],"categories":[2],"tags":[5],"_links":{"self":[{"href":"https:\/\/blogs.diariovasco.com\/eljukebox\/wp-json\/wp\/v2\/posts\/284"}],"collection":[{"href":"https:\/\/blogs.diariovasco.com\/eljukebox\/wp-json\/wp\/v2\/posts"}],"about":[{"href":"https:\/\/blogs.diariovasco.com\/eljukebox\/wp-json\/wp\/v2\/types\/post"}],"author":[{"embeddable":true,"href":"https:\/\/blogs.diariovasco.com\/eljukebox\/wp-json\/wp\/v2\/users\/37"}],"replies":[{"embeddable":true,"href":"https:\/\/blogs.diariovasco.com\/eljukebox\/wp-json\/wp\/v2\/comments?post=284"}],"version-history":[{"count":0,"href":"https:\/\/blogs.diariovasco.com\/eljukebox\/wp-json\/wp\/v2\/posts\/284\/revisions"}],"wp:attachment":[{"href":"https:\/\/blogs.diariovasco.com\/eljukebox\/wp-json\/wp\/v2\/media?parent=284"}],"wp:term":[{"taxonomy":"category","embeddable":true,"href":"https:\/\/blogs.diariovasco.com\/eljukebox\/wp-json\/wp\/v2\/categories?post=284"},{"taxonomy":"post_tag","embeddable":true,"href":"https:\/\/blogs.diariovasco.com\/eljukebox\/wp-json\/wp\/v2\/tags?post=284"}],"curies":[{"name":"wp","href":"https:\/\/api.w.org\/{rel}","templated":true}]}}