{"id":286,"date":"2007-03-20T12:26:27","date_gmt":"2007-03-20T12:26:27","guid":{"rendered":"http:\/\/blogs.diariovasco.com\/eljukebox\/?p=286"},"modified":"2007-03-20T12:26:27","modified_gmt":"2007-03-20T12:26:27","slug":"pataky_no_deja_ver_el_bosque","status":"publish","type":"post","link":"https:\/\/blogs.diariovasco.com\/eljukebox\/2007\/03\/20\/pataky_no_deja_ver_el_bosque\/","title":{"rendered":"Pataky no deja ver el bosque"},"content":{"rendered":"<p><P>Alberto Moyano<\/P><br \/>\n<P>Elsa Pataky no ha pegado ojo en toda la noche. Los lectores de &#8216;Intervi\u00fa&#8217; tampoco. El motivo de tanto insomnio es ambos casos el mismo: la publicaci\u00f3n en la citada revista de un top less de la actriz, extra\u00eddo de una sesi\u00f3n de fotos en Canc\u00fan a cuenta de la revista &#8216;Elle&#8217;, que pensaba mostrarla como siempre, es decir, de espaldas o con la melena cubri\u00e9ndole los pecho. <\/P><br \/>\n<P>La musa favorita de Jos\u00e9 Luis Garci -principal sospechoso del asuntillo si tenemos en cuenta que es el \u00fanico que ya la hab\u00eda hecho posar antes de esta guisa- est\u00e1 preocupad\u00edsima, seg\u00fan la direcci\u00f3n de &#8216;Elle&#8217;, porque &#8220;est\u00e1 ahora en Los \u00c1ngeles y all\u00ed son muy puritanos&#8221;. Y lo ser\u00e1n pero siempre podr\u00e1 alegar en su defensa que el gobernador del Estado ha mostrado sus pechos en numerosas fotos y pel\u00edculas, siendo \u00e9stos incluso m\u00e1s grandes.<\/P><br \/>\n<P>Dicen que durante la sesi\u00f3n fotogr\u00e1fica, convertida ahora en el equivalente a una pel\u00edcula de esas de &#8216;cine dentro del cine&#8217;, en la playa de Canc\u00fan -no se sabe si privada o perteneciente a un hotel-&nbsp;s\u00f3lo estaban el equipo de producci\u00f3n y dos parejas de norteamericanos. &#8220;Al fondo hab\u00eda un barco&#8221;, a\u00f1aden las informaciones. \u00bfUn barco? \u00bfFrente a una playa de Canc\u00fan? Todo esto es muy sospechoso. M\u00e1s a\u00fan si tenemos en cuenta que, seg\u00fan los&nbsp;&#8220;expertos consultados&#8221;, las im\u00e1genes &#8220;est\u00e1n tomadas muy de cerca&#8221;.&nbsp; En todo caso, Pataky puede ir haciendo el equipaje de vuelta porque ya hay quien augura frontales integrales para pr\u00f3ximos n\u00fameros.<\/P><br \/>\n<P>La Pataky comparte portada con los habituales titulares destinados a pasar desapercibidos y&nbsp;que hacen de &#8216;Intervi\u00fa&#8217; una publicaci\u00f3n inclasificable: &#8220;La conexi\u00f3n ultra: se infiltran en las asociaciones de v\u00edctimas&#8221; (\u00bfEs eso una noticia de esta semana?) y&nbsp;&#8220;ETA debate devolver las pistolas (robadas en Francia durante la tregua&#8221; (\u00bfA cambio de qu\u00e9? \u00bfNavarra? \u00bfEl Condado de Trevi\u00f1o? Si la devoluci\u00f3n se consuma, habr\u00e1 manifestaci\u00f3n del PP al s\u00e1bado siguiente).<\/P><\/p>\n<!-- AddThis Advanced Settings generic via filter on the_content --><!-- AddThis Share Buttons generic via filter on the_content -->","protected":false},"excerpt":{"rendered":"<p>Alberto Moyano Elsa Pataky no ha pegado ojo en toda la noche. Los lectores de &#8216;Intervi\u00fa&#8217; tampoco. El motivo de tanto insomnio es ambos casos el mismo: la publicaci\u00f3n en la citada revista de un top less de la actriz, extra\u00eddo de una sesi\u00f3n de fotos en Canc\u00fan a cuenta de la revista &#8216;Elle&#8217;, que [&hellip;]<!-- AddThis Advanced Settings generic via filter on get_the_excerpt --><!-- AddThis Share Buttons generic via filter on get_the_excerpt --><\/p>\n","protected":false},"author":37,"featured_media":0,"comment_status":"open","ping_status":"closed","sticky":false,"template":"","format":"standard","meta":[],"categories":[2],"tags":[5],"_links":{"self":[{"href":"https:\/\/blogs.diariovasco.com\/eljukebox\/wp-json\/wp\/v2\/posts\/286"}],"collection":[{"href":"https:\/\/blogs.diariovasco.com\/eljukebox\/wp-json\/wp\/v2\/posts"}],"about":[{"href":"https:\/\/blogs.diariovasco.com\/eljukebox\/wp-json\/wp\/v2\/types\/post"}],"author":[{"embeddable":true,"href":"https:\/\/blogs.diariovasco.com\/eljukebox\/wp-json\/wp\/v2\/users\/37"}],"replies":[{"embeddable":true,"href":"https:\/\/blogs.diariovasco.com\/eljukebox\/wp-json\/wp\/v2\/comments?post=286"}],"version-history":[{"count":0,"href":"https:\/\/blogs.diariovasco.com\/eljukebox\/wp-json\/wp\/v2\/posts\/286\/revisions"}],"wp:attachment":[{"href":"https:\/\/blogs.diariovasco.com\/eljukebox\/wp-json\/wp\/v2\/media?parent=286"}],"wp:term":[{"taxonomy":"category","embeddable":true,"href":"https:\/\/blogs.diariovasco.com\/eljukebox\/wp-json\/wp\/v2\/categories?post=286"},{"taxonomy":"post_tag","embeddable":true,"href":"https:\/\/blogs.diariovasco.com\/eljukebox\/wp-json\/wp\/v2\/tags?post=286"}],"curies":[{"name":"wp","href":"https:\/\/api.w.org\/{rel}","templated":true}]}}