{"id":288,"date":"2007-03-22T11:27:39","date_gmt":"2007-03-22T11:27:39","guid":{"rendered":"http:\/\/blogs.diariovasco.com\/eljukebox\/?p=288"},"modified":"2007-03-22T11:27:39","modified_gmt":"2007-03-22T11:27:39","slug":"tabacalera_el_postcoitum","status":"publish","type":"post","link":"https:\/\/blogs.diariovasco.com\/eljukebox\/2007\/03\/22\/tabacalera_el_postcoitum\/","title":{"rendered":"Tabacalera: el postcoitum"},"content":{"rendered":"<p>Alberto Moyano<\/p>\n<p>Presentado el programa de contenidos de Tabacalera, se aclara el<br \/>\npanorama respecto a qu\u00e9 contenidos albergar\u00e1 el futuro Centro de<br \/>\nCultura Contempor\u00e1nea. La respuesta correcta es todo. De hecho, resulta<br \/>\ndif\u00edcil imaginar un proyecto que no tenga cabida, lo que convierte a la<br \/>\ncolecci\u00f3n fotogr\u00e1fica Ord\u00f3\u00f1ez-Falc\u00f3n en una excepci\u00f3n universal. <br \/>\nCine, v\u00eddeo, televisi\u00f3n, arte contempor\u00e1neo, ciencia, gastronom\u00eda&#8230;<br \/>\nTabacalera se abre de puertas a todo y esto s\u00f3lo puede ser una buena<br \/>\nnoticia. Claro que el papel aguanta lo indecible. De hecho, una vez en<br \/>\nfuncionamiento, el se\u00f1or usos y costumbres y la se\u00f1ora realidad se<br \/>\nencargar\u00e1n de los ajustes. <br \/>\nUna vez conocido el informe, el centro de atenci\u00f3n pasa del qu\u00e9 ser\u00e1<br \/>\nTabacalera al c\u00f3mo se financiar\u00e1 Tabacalera porque la puesta en pie y<br \/>\nel mantenimiento de un centro de tama\u00f1a ambici\u00f3n promete moverse en<br \/>\nunas cifras de v\u00e9rtigo. No se entienda mal: ya se sabe que todo lo que<br \/>\nlas instituciones aporten es poco, pero la cuesti\u00f3n es: \u00bfser\u00e1<br \/>\nsuficiente? En este sentido, se espera que el entramado empresarial<br \/>\nguipuzcoano d\u00e9 el do de pecho en cuestiones de implicaci\u00f3n social con<br \/>\nel entorno y todo eso.<br \/>\nPor lo dem\u00e1s, la presentaci\u00f3n de ayer demostr\u00f3 que: 1) al menos una<br \/>\npersona, Joxean Mu\u00f1oz, que tiene claro hacia d\u00f3nde quiere ir, al margen<br \/>\nde las valoraciones que se hagan sobre ese destino; 2) si en alg\u00fan<br \/>\nlugar se siente segura la consejera miren Azkarate es en los vaporosos<br \/>\nmundos de la teor\u00eda; 3) el cuajo del diputado general a la hora se\u00f1alar<br \/>\ncon el dedo a los esc\u00e9pticos, actitud que \u00e9l mismo ha llevado a sus m\u00e1s altas cimas<br \/>\ncuando se ha tratado de otros proyectos, tal que San telmo; y 4) la<br \/>\nincapacidad que el alcalde exhibe en estas fechas para pronunciar una<br \/>\npalabra libre de la ansiedad electoral(ista).<\/p>\n<p><\/p>\n<!-- AddThis Advanced Settings generic via filter on the_content --><!-- AddThis Share Buttons generic via filter on the_content -->","protected":false},"excerpt":{"rendered":"<p>Alberto Moyano Presentado el programa de contenidos de Tabacalera, se aclara el panorama respecto a qu\u00e9 contenidos albergar\u00e1 el futuro Centro de Cultura Contempor\u00e1nea. La respuesta correcta es todo. De hecho, resulta dif\u00edcil imaginar un proyecto que no tenga cabida, lo que convierte a la colecci\u00f3n fotogr\u00e1fica Ord\u00f3\u00f1ez-Falc\u00f3n en una excepci\u00f3n universal. Cine, v\u00eddeo, televisi\u00f3n, [&hellip;]<!-- AddThis Advanced Settings generic via filter on get_the_excerpt --><!-- AddThis Share Buttons generic via filter on get_the_excerpt --><\/p>\n","protected":false},"author":37,"featured_media":0,"comment_status":"open","ping_status":"closed","sticky":false,"template":"","format":"standard","meta":[],"categories":[2],"tags":[5],"_links":{"self":[{"href":"https:\/\/blogs.diariovasco.com\/eljukebox\/wp-json\/wp\/v2\/posts\/288"}],"collection":[{"href":"https:\/\/blogs.diariovasco.com\/eljukebox\/wp-json\/wp\/v2\/posts"}],"about":[{"href":"https:\/\/blogs.diariovasco.com\/eljukebox\/wp-json\/wp\/v2\/types\/post"}],"author":[{"embeddable":true,"href":"https:\/\/blogs.diariovasco.com\/eljukebox\/wp-json\/wp\/v2\/users\/37"}],"replies":[{"embeddable":true,"href":"https:\/\/blogs.diariovasco.com\/eljukebox\/wp-json\/wp\/v2\/comments?post=288"}],"version-history":[{"count":0,"href":"https:\/\/blogs.diariovasco.com\/eljukebox\/wp-json\/wp\/v2\/posts\/288\/revisions"}],"wp:attachment":[{"href":"https:\/\/blogs.diariovasco.com\/eljukebox\/wp-json\/wp\/v2\/media?parent=288"}],"wp:term":[{"taxonomy":"category","embeddable":true,"href":"https:\/\/blogs.diariovasco.com\/eljukebox\/wp-json\/wp\/v2\/categories?post=288"},{"taxonomy":"post_tag","embeddable":true,"href":"https:\/\/blogs.diariovasco.com\/eljukebox\/wp-json\/wp\/v2\/tags?post=288"}],"curies":[{"name":"wp","href":"https:\/\/api.w.org\/{rel}","templated":true}]}}