{"id":289,"date":"2007-03-23T10:42:08","date_gmt":"2007-03-23T10:42:08","guid":{"rendered":"http:\/\/blogs.diariovasco.com\/eljukebox\/?p=289"},"modified":"2007-03-23T10:42:08","modified_gmt":"2007-03-23T10:42:08","slug":"la_noche_de_la_eutanasia","status":"publish","type":"post","link":"https:\/\/blogs.diariovasco.com\/eljukebox\/2007\/03\/23\/la_noche_de_la_eutanasia\/","title":{"rendered":"La noche de la eutanasia"},"content":{"rendered":"<p>Alberto Moyano<\/p>\n<p>Francisco fue marinero durante cuarenta a\u00f1os. Desde hace once y a<br \/>\nconsecuencia de dos infartos, vive en una silla de ruedas, atendido<br \/>\nb\u00e1sicamente por su mujer y sus dos hijos, cuyas vidas considera que<br \/>\nest\u00e1 mortificando. Anoche llam\u00f3 desde el Hospital Donostia al programa<br \/>\n\u2018La ciudad se mueve\u2019 para participar en el debate sobre la eutanasia y<br \/>\nde paso, replicar los argumentos de los dos sacerdotes presentes en el<br \/>\nplat\u00f3. Por cierto, que uno de ellos contest\u00f3 a Francisco \u2013que daba<br \/>\nargumentos y ped\u00eda lo mismo\u2013 con una bater\u00eda de \u00ab fuertes abrazo\u00bb y de<br \/>\n\u00abcuenta conmigo y con mi amigos para lo que quieras\u00bb que fueron<br \/>\nrechazados educadamente por el interlocutor, en la sospecha quiz\u00e1s de<br \/>\nque se le estaba tratando como a un ni\u00f1o.<br \/>\nHubo otras llamadas en las que los comunicantes relataron experiencias<br \/>\ndram\u00e1ticas, vividas en primera persona o de casos familiares, pero el<br \/>\nencuentro gir\u00f3 \u2013de forma m\u00e1s o menos expl\u00edcita\u2013 sobre una cuesti\u00f3n<br \/>\ncrucial: cu\u00e1nto pesan en un estado laico las supersticiones de algunos<br \/>\nfrente a la voluntad individual de cada cual. <br \/>\nLos intentos por parte de algunos tertulianos de resituar una y otra<br \/>\nvez el eje del debate en torno a la autonom\u00eda del paciente fue<br \/>\nh\u00e1bilmente boicoteada por los dos citados representantes de la Iglesia<br \/>\ncat\u00f3lica, a base de mostrar su respeto a la voluntad de cu\u00e1ntos sufren<br \/>\nlo indecible y de arremeter contra cualquier intento pol\u00edtico de<br \/>\nlegislar sobre este asunto. En este sentido, el p\u00e1rroco de Herrera<br \/>\nlleg\u00f3 a pronunciar un ins\u00f3lito discurso sobre los peligros que esconde<br \/>\nla compasi\u00f3n. <br \/>\nNo hubo tiempo para mucho m\u00e1s porque los responsables del programa<br \/>\ndedicaron el \u00faltimo tramo del mismo a un reportaje sobre las tensiones<br \/>\ndesatadas entre vecinos de Bidebieta, Ayuntamiento donostiarra y<br \/>\nempresa funeraria por la apertura de un tanatorio en el barrio.<\/p>\n<p><\/p>\n<!-- AddThis Advanced Settings generic via filter on the_content --><!-- AddThis Share Buttons generic via filter on the_content -->","protected":false},"excerpt":{"rendered":"<p>Alberto Moyano Francisco fue marinero durante cuarenta a\u00f1os. Desde hace once y a consecuencia de dos infartos, vive en una silla de ruedas, atendido b\u00e1sicamente por su mujer y sus dos hijos, cuyas vidas considera que est\u00e1 mortificando. Anoche llam\u00f3 desde el Hospital Donostia al programa \u2018La ciudad se mueve\u2019 para participar en el debate [&hellip;]<!-- AddThis Advanced Settings generic via filter on get_the_excerpt --><!-- AddThis Share Buttons generic via filter on get_the_excerpt --><\/p>\n","protected":false},"author":37,"featured_media":0,"comment_status":"open","ping_status":"closed","sticky":false,"template":"","format":"standard","meta":[],"categories":[2],"tags":[5],"_links":{"self":[{"href":"https:\/\/blogs.diariovasco.com\/eljukebox\/wp-json\/wp\/v2\/posts\/289"}],"collection":[{"href":"https:\/\/blogs.diariovasco.com\/eljukebox\/wp-json\/wp\/v2\/posts"}],"about":[{"href":"https:\/\/blogs.diariovasco.com\/eljukebox\/wp-json\/wp\/v2\/types\/post"}],"author":[{"embeddable":true,"href":"https:\/\/blogs.diariovasco.com\/eljukebox\/wp-json\/wp\/v2\/users\/37"}],"replies":[{"embeddable":true,"href":"https:\/\/blogs.diariovasco.com\/eljukebox\/wp-json\/wp\/v2\/comments?post=289"}],"version-history":[{"count":0,"href":"https:\/\/blogs.diariovasco.com\/eljukebox\/wp-json\/wp\/v2\/posts\/289\/revisions"}],"wp:attachment":[{"href":"https:\/\/blogs.diariovasco.com\/eljukebox\/wp-json\/wp\/v2\/media?parent=289"}],"wp:term":[{"taxonomy":"category","embeddable":true,"href":"https:\/\/blogs.diariovasco.com\/eljukebox\/wp-json\/wp\/v2\/categories?post=289"},{"taxonomy":"post_tag","embeddable":true,"href":"https:\/\/blogs.diariovasco.com\/eljukebox\/wp-json\/wp\/v2\/tags?post=289"}],"curies":[{"name":"wp","href":"https:\/\/api.w.org\/{rel}","templated":true}]}}