{"id":290,"date":"2007-03-23T17:18:24","date_gmt":"2007-03-23T17:18:24","guid":{"rendered":"http:\/\/blogs.diariovasco.com\/eljukebox\/?p=290"},"modified":"2007-03-23T17:18:24","modified_gmt":"2007-03-23T17:18:24","slug":"rolling_no_en_mi_mantel","status":"publish","type":"post","link":"https:\/\/blogs.diariovasco.com\/eljukebox\/2007\/03\/23\/rolling_no_en_mi_mantel\/","title":{"rendered":"Rolling: no en mi mantel"},"content":{"rendered":"<p>Alberto Moyano<\/p>\n<p>El sondeo de urgencia que hoy publica DV con motivo del concierto que<br \/>\nlos Stones ofrecer\u00e1n el pr\u00f3ximo 23 de junio en Donostia ilustra<br \/>\nincre\u00edblemente aquella ancestral pol\u00e9mica de: \u00bfBeatles o Rolling? En<br \/>\nrealidad, es una falsa dicotom\u00eda. Son dos g\u00e9neros distintos. La m\u00fasica<br \/>\nde los Rolling se dirige directamente a los genitales mientras que la<br \/>\nde los Beatles, bueno, digamos que es m\u00e1s cerebral y \u2013si nos ponemos<br \/>\nestupendos\u2013 emotiva. Por decirlo de otra forma, los Rolling son<br \/>\nerotismo y los Beatles, la epidural, o sea, anestesia de cintura para<br \/>\nabajo.<br \/>\nEl que estar\u00e1 temblando es Pedro Subijana. Los Stones ya comieron en<br \/>\nAkelarre durante su estancia donostiarra de 1998. El propio cocinero ha<br \/>\nrelatado en alguna ocasi\u00f3n el estupor que sinti\u00f3 cuando los miembros<br \/>\ndel grupo se dispon\u00edan a estampar sus aut\u00f3grafos en el mantel. \u00abEs que<br \/>\nera de hilo\u00bb, aleg\u00f3 Subijana, que por supuesto, impidi\u00f3 el atropello<br \/>\nponiendo a disposici\u00f3n de los m\u00fasicos el bloc de la comanda.<br \/>\nLos detractores de la contrataci\u00f3n del grupo \u2013que alegar\u00e1n las<br \/>\nhabituales y mezquinas razones econ\u00f3micas\u2013 deber\u00e1n tener tambi\u00e9n en<br \/>\ncuenta lo que ganamos en paz social. Y es que el concierto deber\u00eda<br \/>\ndejar bastante resuelta, por no decir zanjada, la tradicional pol\u00e9mica<br \/>\nque acompa\u00f1a cada a\u00f1o la concesi\u00f3n del Tambor de Oro porque, de cara al<br \/>\nde 2008, el margen de discusi\u00f3n se ha reducido bastante. Bueno, al<br \/>\nmenos, si nos atenemos a los antecedentes.<\/p>\n<!-- AddThis Advanced Settings generic via filter on the_content --><!-- AddThis Share Buttons generic via filter on the_content -->","protected":false},"excerpt":{"rendered":"<p>Alberto Moyano El sondeo de urgencia que hoy publica DV con motivo del concierto que los Stones ofrecer\u00e1n el pr\u00f3ximo 23 de junio en Donostia ilustra incre\u00edblemente aquella ancestral pol\u00e9mica de: \u00bfBeatles o Rolling? En realidad, es una falsa dicotom\u00eda. Son dos g\u00e9neros distintos. La m\u00fasica de los Rolling se dirige directamente a los genitales [&hellip;]<!-- AddThis Advanced Settings generic via filter on get_the_excerpt --><!-- AddThis Share Buttons generic via filter on get_the_excerpt --><\/p>\n","protected":false},"author":37,"featured_media":0,"comment_status":"open","ping_status":"closed","sticky":false,"template":"","format":"standard","meta":[],"categories":[2],"tags":[5],"_links":{"self":[{"href":"https:\/\/blogs.diariovasco.com\/eljukebox\/wp-json\/wp\/v2\/posts\/290"}],"collection":[{"href":"https:\/\/blogs.diariovasco.com\/eljukebox\/wp-json\/wp\/v2\/posts"}],"about":[{"href":"https:\/\/blogs.diariovasco.com\/eljukebox\/wp-json\/wp\/v2\/types\/post"}],"author":[{"embeddable":true,"href":"https:\/\/blogs.diariovasco.com\/eljukebox\/wp-json\/wp\/v2\/users\/37"}],"replies":[{"embeddable":true,"href":"https:\/\/blogs.diariovasco.com\/eljukebox\/wp-json\/wp\/v2\/comments?post=290"}],"version-history":[{"count":0,"href":"https:\/\/blogs.diariovasco.com\/eljukebox\/wp-json\/wp\/v2\/posts\/290\/revisions"}],"wp:attachment":[{"href":"https:\/\/blogs.diariovasco.com\/eljukebox\/wp-json\/wp\/v2\/media?parent=290"}],"wp:term":[{"taxonomy":"category","embeddable":true,"href":"https:\/\/blogs.diariovasco.com\/eljukebox\/wp-json\/wp\/v2\/categories?post=290"},{"taxonomy":"post_tag","embeddable":true,"href":"https:\/\/blogs.diariovasco.com\/eljukebox\/wp-json\/wp\/v2\/tags?post=290"}],"curies":[{"name":"wp","href":"https:\/\/api.w.org\/{rel}","templated":true}]}}