{"id":291,"date":"2007-03-26T15:53:10","date_gmt":"2007-03-26T15:53:10","guid":{"rendered":"http:\/\/blogs.diariovasco.com\/eljukebox\/?p=291"},"modified":"2007-03-26T15:53:10","modified_gmt":"2007-03-26T15:53:10","slug":"a_por_ellos_cuando_ellos_somos_todos","status":"publish","type":"post","link":"https:\/\/blogs.diariovasco.com\/eljukebox\/2007\/03\/26\/a_por_ellos_cuando_ellos_somos_todos\/","title":{"rendered":"A por ellos (cuando ellos somos todos)"},"content":{"rendered":"<p>Alberto Moyano<\/p>\n<p>La tertulia pol\u00edtica de \u2018Las ma\u00f1anas de Cuatro\u2019 que presenta Concha<br \/>\nGarc\u00eda Campoy invitaba hoy al fil\u00f3sofo Fernando Savater.&nbsp; El<br \/>\nintelectual donostiarra comenz\u00f3 reconociendo que tras ser \u00abun<br \/>\nizquierdista sin crueldad\u00bb, ahora aspira a convertirse en \u00abun<br \/>\nconservador sin vileza\u00bb, continu\u00f3 haciendo un canto a la sensatez para<br \/>\nque el grupo Prisa y el PP pongan fin al desencuentro que ha llevado al<br \/>\nsegundo a boicotear al primero y termin\u00f3 intercambiando alaridos con<br \/>\nuna contertulia y jurando que \u00abyo con esta mujer con hablo\u00bb. \u00abEsta<br \/>\nmujer\u00bb era la periodista Mar\u00eda Antonia Iglesias, notoria defensora del<br \/>\nPSOE de toda la vida y a la que, sin embargo, Savater encuadr\u00f3 en el<br \/>\nPNV (circunstancia que, de ser cierta, casar\u00eda mal con las recurrentes<br \/>\nacusaciones de racismo contra el partido jeltzale). Por el camino, se<br \/>\nqued\u00f3 tirada la coherencia.<br \/>\nY para demostrar que la conversaci\u00f3n de besugos mejora notablemente si<br \/>\nse cocina sobre salsa de ruidos, un espectador \u2013Aitor, de Bilbao, seg\u00fan<br \/>\ndijo\u2013 intent\u00f3 hacese o\u00edr para se\u00f1alar que los del Foro de Ermua son<br \/>\nigual que las juventudes de Batasuna, \u00abpero peor porque encima tienen<br \/>\nm\u00e1s a\u00f1os\u00bb. La indignaci\u00f3n que ya hubiera desatado de por s\u00ed el<br \/>\ncomentario se vio aumentado al entenderse mal la frase debido al<br \/>\ngriter\u00edo constante en el plat\u00f3. As\u00ed, la frase del comunicante fue<br \/>\ntraducida como: los del Foro de Ermua son igual que las juventudes de<br \/>\nBatasuna, \u00abpero peor porque encima causan m\u00e1s da\u00f1os\u00bb. \u00ab\u00bfC\u00f3mo que el<br \/>\nForo de Ermua es peor porque causa m\u00e1s da\u00f1os?\u00bb, se preguntaba el<br \/>\nfil\u00f3sofo, desatado ya a estas alturas del debate. <br \/>\nPor cierto, que en las im\u00e1genes sobre los incidentes entre<br \/>\nsimpatizantes del PNV y del Foro de Ermua ante el Tribunal Superio de<br \/>\nJusticia del Pa\u00eds Vasco llamaba poderosamente la atenci\u00f3n la pasividad<br \/>\nde la Ertzaintza, tan diligente a la hora de cargar en otras ocasiones<br \/>\n(Luego, en el Informativo, Acebes demostr\u00f3 que algunas cosas nunca<br \/>\ncambian y volvi\u00f3 a fallar, como en el 11-M, al atribuir la agresi\u00f3n del<br \/>\n\u2018forista de Ermua\u2019 a simpatizantes de Batasuna, cuando parece obvio fue<br \/>\nobra de un forofo del lehendakari)<br \/>\nTambi\u00e9n dio mucha pena la postraci\u00f3n mental de otro tertuliano<br \/>\nhabitual, Arturo Gonz\u00e1lez, que tras despacharse a gusto contra Savater<br \/>\nhace una semana, hoy andaba templando gaitas, en plan: \u00abNo, si yo en<br \/>\nesto estoy de acuerdo con Fernando porque claro, bla, bla, bla&#8230;\u00bb<\/p>\n<p><\/p>\n<!-- AddThis Advanced Settings generic via filter on the_content --><!-- AddThis Share Buttons generic via filter on the_content -->","protected":false},"excerpt":{"rendered":"<p>Alberto Moyano La tertulia pol\u00edtica de \u2018Las ma\u00f1anas de Cuatro\u2019 que presenta Concha Garc\u00eda Campoy invitaba hoy al fil\u00f3sofo Fernando Savater.&nbsp; El intelectual donostiarra comenz\u00f3 reconociendo que tras ser \u00abun izquierdista sin crueldad\u00bb, ahora aspira a convertirse en \u00abun conservador sin vileza\u00bb, continu\u00f3 haciendo un canto a la sensatez para que el grupo Prisa y [&hellip;]<!-- AddThis Advanced Settings generic via filter on get_the_excerpt --><!-- AddThis Share Buttons generic via filter on get_the_excerpt --><\/p>\n","protected":false},"author":37,"featured_media":0,"comment_status":"open","ping_status":"closed","sticky":false,"template":"","format":"standard","meta":[],"categories":[2],"tags":[5],"_links":{"self":[{"href":"https:\/\/blogs.diariovasco.com\/eljukebox\/wp-json\/wp\/v2\/posts\/291"}],"collection":[{"href":"https:\/\/blogs.diariovasco.com\/eljukebox\/wp-json\/wp\/v2\/posts"}],"about":[{"href":"https:\/\/blogs.diariovasco.com\/eljukebox\/wp-json\/wp\/v2\/types\/post"}],"author":[{"embeddable":true,"href":"https:\/\/blogs.diariovasco.com\/eljukebox\/wp-json\/wp\/v2\/users\/37"}],"replies":[{"embeddable":true,"href":"https:\/\/blogs.diariovasco.com\/eljukebox\/wp-json\/wp\/v2\/comments?post=291"}],"version-history":[{"count":0,"href":"https:\/\/blogs.diariovasco.com\/eljukebox\/wp-json\/wp\/v2\/posts\/291\/revisions"}],"wp:attachment":[{"href":"https:\/\/blogs.diariovasco.com\/eljukebox\/wp-json\/wp\/v2\/media?parent=291"}],"wp:term":[{"taxonomy":"category","embeddable":true,"href":"https:\/\/blogs.diariovasco.com\/eljukebox\/wp-json\/wp\/v2\/categories?post=291"},{"taxonomy":"post_tag","embeddable":true,"href":"https:\/\/blogs.diariovasco.com\/eljukebox\/wp-json\/wp\/v2\/tags?post=291"}],"curies":[{"name":"wp","href":"https:\/\/api.w.org\/{rel}","templated":true}]}}