{"id":292,"date":"2007-03-27T12:09:21","date_gmt":"2007-03-27T12:09:21","guid":{"rendered":"http:\/\/blogs.diariovasco.com\/eljukebox\/?p=292"},"modified":"2007-03-27T12:09:21","modified_gmt":"2007-03-27T12:09:21","slug":"me_alegro_de_que_me_haga_esa_pregunta","status":"publish","type":"post","link":"https:\/\/blogs.diariovasco.com\/eljukebox\/2007\/03\/27\/me_alegro_de_que_me_haga_esa_pregunta\/","title":{"rendered":"Me alegro de que me haga esa pregunta"},"content":{"rendered":"<p>Alberto Moyano<\/p>\n<p>TVE1 representa esta noche la gran ficci\u00f3n de homologar desde el punto<br \/>\nde vista pol\u00edtico la ciudadan\u00eda espa\u00f1ola con la francesa para montar un<br \/>\n\u2018Tengo una pregunta para usted\u2019 en el que cien ciudadanos an\u00f3nimos<br \/>\ninterrogar\u00e1n al presidente del Gobierno, Jos\u00e9 Luis Rodr\u00edguez Zapatero,<br \/>\nsobre un par de cuestiones.<br \/>\nComo no pod\u00eda ser menos, el hecho de que el empresa encargada de<br \/>\nseleccionar a los participantes sea la misma que realiza los sondeos<br \/>\npara los medios del grupo Prisa ya ha disparado las sospechas. El ente<br \/>\np\u00fablico, por su parte, niega la mayor y aclara que \u2018los cien hijos de<br \/>\nSan Luis\u2019 han sido seleccionadas con criterios demogr\u00e1ficos,<br \/>\nprofesionales y de adscripci\u00f3n pol\u00edtica, tendr\u00e1n \u00abtotal libertad de<br \/>\ntemas\u00bb sobre los que preguntar a Zapatero, y la cadena desconocer\u00e1 en<br \/>\ntodo momento el contenido exacto de la pregunta al presidente.<br \/>\nDe hecho, el truco no est\u00e1 en TVE sino en los propios ciudadanos que,<br \/>\nen lugar de preguntar lo que realmente les interesa \u2013\u00bfqu\u00e9 opina de<br \/>\nLetizia? \u00bfHa visto las fotos de la Pataky? \u00bfAcudir\u00eda a un programa como<br \/>\n\u2018Cambio radical\u2019?\u2013, har\u00e1n un ejercicio de introspecci\u00f3n del que<br \/>\nemerger\u00e1n convertidos en adultos electores preocupados por aut\u00e9nticos<br \/>\nasuntos de Estado, la construcci\u00f3n europea, el abrazo de civilizaciones<br \/>\ny las perspectivas de la econom\u00eda espa\u00f1ola para 2008-2009. <br \/>\nConviene afinar ya que la experiencia francesa demuestra que de los<br \/>\ncien periodistas sobrevenidos, m\u00e1s de la mitad se volver\u00e1 a su casa con<br \/>\nla pregunta debajo del brazo. De hecho, el programa no pasar\u00e1 en ning\u00fan<br \/>\ncaso de noventa minutos, lo que dejar\u00eda en veintisiete segundos la<br \/>\nmedia de cada pregunta y cada respuesta, en el supuesto de que todos<br \/>\nintervinieran. <br \/>\nDurante esos noventa minutos, Zapatero tratar\u00e1 de convencer a la<br \/>\naudiencia de que realmente sabe lo que se hace, sin transmitir en<br \/>\nning\u00fan momento la imagen de caos general. Mucho m\u00e1s sencillo a\u00fan lo<br \/>\ntendr\u00e1 Mariano Rajoy, cuya comparecencia se anuncia para el mes de<br \/>\nabril, y en la, que independientemente de cu\u00e1les vayan a ser las<br \/>\npreguntas, desmostrar\u00e1, seguro que con datos en la mano, que \u00abEspa\u00f1a se<br \/>\nrompe por la cesi\u00f3n del Gobierno a los terroristas\u00bb.<\/p>\n<p><\/p>\n<!-- AddThis Advanced Settings generic via filter on the_content --><!-- AddThis Share Buttons generic via filter on the_content -->","protected":false},"excerpt":{"rendered":"<p>Alberto Moyano TVE1 representa esta noche la gran ficci\u00f3n de homologar desde el punto de vista pol\u00edtico la ciudadan\u00eda espa\u00f1ola con la francesa para montar un \u2018Tengo una pregunta para usted\u2019 en el que cien ciudadanos an\u00f3nimos interrogar\u00e1n al presidente del Gobierno, Jos\u00e9 Luis Rodr\u00edguez Zapatero, sobre un par de cuestiones. Como no pod\u00eda ser [&hellip;]<!-- AddThis Advanced Settings generic via filter on get_the_excerpt --><!-- AddThis Share Buttons generic via filter on get_the_excerpt --><\/p>\n","protected":false},"author":37,"featured_media":0,"comment_status":"open","ping_status":"closed","sticky":false,"template":"","format":"standard","meta":[],"categories":[2],"tags":[5],"_links":{"self":[{"href":"https:\/\/blogs.diariovasco.com\/eljukebox\/wp-json\/wp\/v2\/posts\/292"}],"collection":[{"href":"https:\/\/blogs.diariovasco.com\/eljukebox\/wp-json\/wp\/v2\/posts"}],"about":[{"href":"https:\/\/blogs.diariovasco.com\/eljukebox\/wp-json\/wp\/v2\/types\/post"}],"author":[{"embeddable":true,"href":"https:\/\/blogs.diariovasco.com\/eljukebox\/wp-json\/wp\/v2\/users\/37"}],"replies":[{"embeddable":true,"href":"https:\/\/blogs.diariovasco.com\/eljukebox\/wp-json\/wp\/v2\/comments?post=292"}],"version-history":[{"count":0,"href":"https:\/\/blogs.diariovasco.com\/eljukebox\/wp-json\/wp\/v2\/posts\/292\/revisions"}],"wp:attachment":[{"href":"https:\/\/blogs.diariovasco.com\/eljukebox\/wp-json\/wp\/v2\/media?parent=292"}],"wp:term":[{"taxonomy":"category","embeddable":true,"href":"https:\/\/blogs.diariovasco.com\/eljukebox\/wp-json\/wp\/v2\/categories?post=292"},{"taxonomy":"post_tag","embeddable":true,"href":"https:\/\/blogs.diariovasco.com\/eljukebox\/wp-json\/wp\/v2\/tags?post=292"}],"curies":[{"name":"wp","href":"https:\/\/api.w.org\/{rel}","templated":true}]}}